{"id":88,"date":"2012-05-27T13:11:14","date_gmt":"2012-05-27T13:11:14","guid":{"rendered":"http:\/\/www.tiesosperocumbiancheros.cl\/?p=88"},"modified":"2014-01-11T00:41:30","modified_gmt":"2014-01-11T00:41:30","slug":"emiliano-hernan-gallardo-pavez-el-musico-detras-de-un-ano-mas-reconstruccion-biografica-y-analisis-social-de-su-composicion-mas-famosa","status":"publish","type":"post","link":"https:\/\/www.tiesosperocumbiancheros.cl\/?p=88","title":{"rendered":"\u201cEmiliano Hern\u00e1n Gallardo Pav\u00e9z; el m\u00fasico detr\u00e1s de un a\u00f1o m\u00e1s. Reconstrucci\u00f3n biogr\u00e1fica y an\u00e1lisis social de su composici\u00f3n m\u00e1s famosa.\u201d"},"content":{"rendered":"<div style=\"padding-bottom:20px; padding-top:10px;\" class=\"hupso-share-buttons\"><!-- Hupso Share Buttons - http:\/\/www.hupso.com\/share\/ --><a class=\"hupso_counters\" href=\"http:\/\/www.hupso.com\/share\/\"><img src=\"https:\/\/static.hupso.com\/share\/buttons\/lang\/es\/share-small.png\" style=\"border:0px; padding-top:2px; float:left;\" alt=\"Share Button\"\/><\/a><script type=\"text\/javascript\">var hupso_services_c=new Array(\"twitter\",\"facebook_like\");var hupso_counters_lang = \"es_LA\";var hupso_image_folder_url = \"\";var hupso_url_c=\"\";var hupso_title_c=\"\u201cEmiliano Hern\u00e1n Gallardo Pav\u00e9z; el m\u00fasico detr\u00e1s de un a\u00f1o m\u00e1s. Reconstrucci\u00f3n biogr\u00e1fica y an\u00e1lisis social de su composici\u00f3n m\u00e1s famosa.\u201d\";<\/script><script type=\"text\/javascript\" src=\"https:\/\/static.hupso.com\/share\/js\/counters.js\"><\/script><!-- Hupso Share Buttons --><\/div><p style=\"text-align: center;\"><strong><em>\u201cEmiliano Hern\u00e1n Gallardo Pav\u00e9z; el m\u00fasico detr\u00e1s de un a\u00f1o m\u00e1s. <\/em><\/strong><strong><em>Reconstrucci\u00f3n biogr\u00e1fica y an\u00e1lisis social de su composici\u00f3n m\u00e1s famosa.\u201d<\/em><\/strong><\/p>\n<p style=\"text-align: center;\"><strong><em> <\/em><\/strong><strong>Sebasti\u00e1n Clavero Salazar, Ver\u00f3nica Collado Campos, Priscila \u00c1lvarez Bugue\u00f1o<\/strong><\/p>\n<p><span style=\"text-align: justify;\">La investigaci\u00f3n que aqu\u00ed les presentamos fue realizada durante el a\u00f1o 2009 como una tesina para la materia de Musicolog\u00eda Aplicada de la carrera de Pedagog\u00eda en M\u00fasica de la Universidad de La Serena. Su prop\u00f3sito fue reconstruir parte de la historia etnomusicol\u00f3gica de nuestra regi\u00f3n, relacionada espec\u00edficamente con el compositor local Don Emiliano Hern\u00e1n Gallardo Pav\u00e9z.<\/span><\/p>\n<p style=\"text-align: justify;\">Durante el siglo XX se generaron numerosos movimientos musicales, relacionados cada cual con problem\u00e1ticas sociales espec\u00edficas, de los cuales se desprende el auge de la m\u00fasica popular. Con ello, se dio pie al incremento de compositores de m\u00faltiples localidades a nivel nacional. Al pasar los a\u00f1os, muchos de aquellos personajes particulares quienes tuvieron un papel fundamental en el desarrollo de la m\u00fasica nacional, fueron desplazados por tendencias musicales que avanzaban junto a la globalizaci\u00f3n, proceso que se acentu\u00f3 durante la d\u00e9cada de los 90. Es por eso que quisimos rescatar parte del patrimonio cultural musical coquimbano reconstruyendo la historia del compositor Emiliano Hern\u00e1n Gallardo Pav\u00e9z, y dejar un registro de su vida y obra en este trabajo.<\/p>\n<p style=\"text-align: justify;\">El registro que a continuaci\u00f3n ver\u00e1n, de la vida y obra de este compositor, estudia los diversos factores que influyeron en su formaci\u00f3n como m\u00fasico y a su vez\u00a0 las tendencias y repertorios a los que \u00e9l recurr\u00eda para hacer sus creaciones.<\/p>\n<p style=\"text-align: justify;\">El estudio se realiz\u00f3 en gran parte con material aportado por el mismo compositor a trav\u00e9s del trabajo de campo. Los datos provienen de la observaci\u00f3n, conversaciones abiertas y entrevistas semi-estructuradas, realizadas tanto a Don Hern\u00e1n como a personajes de la comunidad coquimbana y m\u00fasicos que tienen conexi\u00f3n con su historia de vida. Estos datos fueron relevantes al momento de describir el contexto social y cultural\u00a0 en el que \u00e9l se encuentra o se encontraba\u00a0 inmerso dentro de determinado per\u00edodo de su vida. Al mismo tiempo se recolect\u00f3 material fotogr\u00e1fico y f\u00edlmico que apoyaron dichos datos, homenajes, reconocimientos, registro en diarios, revistas, programas televisivos y radiales, etc.<\/p>\n<p style=\"text-align: justify;\">Como grupo investigador creemos necesario dar a conocer a la comunidad este estudio, y crear conciencia del gran valor que tiene la cultura popular coquimbana a trav\u00e9s de \u00e9l, pretendiendo que sea un material de trabajo para profesores, j\u00f3venes estudiantes de m\u00fasica, y a su vez de los propios estudiantes de nuestras escuelas y de la comunidad entera, y de todos quienes se interesen por encontrar y saber m\u00e1s de un compositor local, quien por el momento se encuentra olvidado.<\/p>\n<p style=\"text-align: justify;\">Actualmente el documento original se encuentra en el archivo musical del Departamento de M\u00fasica de la Universidad de La Serena y en esta oportunidad nos sumamos al trencito cumbianchero y se lo mostramos a todos ustedes.<\/p>\n<p style=\"text-align: justify;\">Para acceder a esta investigaci\u00f3n y conocer la vida y obra del autor de uno de nuestros m\u00e1ximos himnos cumbiancheros, \u00abUn A\u00f1o M\u00e1s\u00bb,<a href=\"http:\/\/tiesosperocumbiancheros.cl\/PDF\/TESINA.pdf\" target=\"_blank\"> descargar aqu\u00ed<\/a>.<\/p>\n","protected":false},"excerpt":{"rendered":"<div style=\"padding-bottom:20px; padding-top:10px;\" class=\"hupso-share-buttons\"><!-- Hupso Share Buttons - http:\/\/www.hupso.com\/share\/ --><a class=\"hupso_counters\" href=\"http:\/\/www.hupso.com\/share\/\"><img src=\"https:\/\/static.hupso.com\/share\/buttons\/lang\/es\/share-small.png\" style=\"border:0px; padding-top:2px; float:left;\" alt=\"Share Button\"\/><\/a><script type=\"text\/javascript\">var hupso_services_c=new Array(\"twitter\",\"facebook_like\");var hupso_counters_lang = \"es_LA\";var hupso_image_folder_url = \"\";var hupso_url_c=\"\";var hupso_title_c=\"\u201cEmiliano Hern\u00e1n Gallardo Pav\u00e9z; el m\u00fasico detr\u00e1s de un a\u00f1o m\u00e1s. Reconstrucci\u00f3n biogr\u00e1fica y an\u00e1lisis social de su composici\u00f3n m\u00e1s famosa.\u201d\";<\/script><script type=\"text\/javascript\" src=\"https:\/\/static.hupso.com\/share\/js\/counters.js\"><\/script><!-- Hupso Share Buttons --><\/div><p>\u201cEmiliano Hern\u00e1n Gallardo Pav\u00e9z; el m\u00fasico detr\u00e1s de un a\u00f1o m\u00e1s. Reconstrucci\u00f3n biogr\u00e1fica y an\u00e1lisis social de su composici\u00f3n m\u00e1s famosa.\u201d Sebasti\u00e1n Clavero Salazar, Ver\u00f3nica Collado Campos, Priscila \u00c1lvarez Bugue\u00f1o&#8230;<\/p>\n","protected":false},"author":2,"featured_media":753,"comment_status":"open","ping_status":"open","sticky":false,"template":"","format":"standard","meta":[],"categories":[112,41],"tags":[45,123,46],"_links":{"self":[{"href":"https:\/\/www.tiesosperocumbiancheros.cl\/index.php?rest_route=\/wp\/v2\/posts\/88"}],"collection":[{"href":"https:\/\/www.tiesosperocumbiancheros.cl\/index.php?rest_route=\/wp\/v2\/posts"}],"about":[{"href":"https:\/\/www.tiesosperocumbiancheros.cl\/index.php?rest_route=\/wp\/v2\/types\/post"}],"author":[{"embeddable":true,"href":"https:\/\/www.tiesosperocumbiancheros.cl\/index.php?rest_route=\/wp\/v2\/users\/2"}],"replies":[{"embeddable":true,"href":"https:\/\/www.tiesosperocumbiancheros.cl\/index.php?rest_route=%2Fwp%2Fv2%2Fcomments&post=88"}],"version-history":[{"count":6,"href":"https:\/\/www.tiesosperocumbiancheros.cl\/index.php?rest_route=\/wp\/v2\/posts\/88\/revisions"}],"predecessor-version":[{"id":933,"href":"https:\/\/www.tiesosperocumbiancheros.cl\/index.php?rest_route=\/wp\/v2\/posts\/88\/revisions\/933"}],"wp:featuredmedia":[{"embeddable":true,"href":"https:\/\/www.tiesosperocumbiancheros.cl\/index.php?rest_route=\/wp\/v2\/media\/753"}],"wp:attachment":[{"href":"https:\/\/www.tiesosperocumbiancheros.cl\/index.php?rest_route=%2Fwp%2Fv2%2Fmedia&parent=88"}],"wp:term":[{"taxonomy":"category","embeddable":true,"href":"https:\/\/www.tiesosperocumbiancheros.cl\/index.php?rest_route=%2Fwp%2Fv2%2Fcategories&post=88"},{"taxonomy":"post_tag","embeddable":true,"href":"https:\/\/www.tiesosperocumbiancheros.cl\/index.php?rest_route=%2Fwp%2Fv2%2Ftags&post=88"}],"curies":[{"name":"wp","href":"https:\/\/api.w.org\/{rel}","templated":true}]}}