{"id":709,"date":"2013-11-21T20:39:51","date_gmt":"2013-11-21T20:39:51","guid":{"rendered":"http:\/\/www.tiesosperocumbiancheros.cl\/?p=709"},"modified":"2014-01-10T23:17:24","modified_gmt":"2014-01-10T23:17:24","slug":"la-guitarra-tropical-chilena","status":"publish","type":"post","link":"https:\/\/www.tiesosperocumbiancheros.cl\/?p=709","title":{"rendered":"La Guitarra Tropical Chilena"},"content":{"rendered":"<div style=\"padding-bottom:20px; padding-top:10px;\" class=\"hupso-share-buttons\"><!-- Hupso Share Buttons - http:\/\/www.hupso.com\/share\/ --><a class=\"hupso_counters\" href=\"http:\/\/www.hupso.com\/share\/\"><img src=\"https:\/\/static.hupso.com\/share\/buttons\/lang\/es\/share-small.png\" style=\"border:0px; padding-top:2px; float:left;\" alt=\"Share Button\"\/><\/a><script type=\"text\/javascript\">var hupso_services_c=new Array(\"twitter\",\"facebook_like\");var hupso_counters_lang = \"es_LA\";var hupso_image_folder_url = \"\";var hupso_url_c=\"\";var hupso_title_c=\"La Guitarra Tropical Chilena\";<\/script><script type=\"text\/javascript\" src=\"https:\/\/static.hupso.com\/share\/js\/counters.js\"><\/script><!-- Hupso Share Buttons --><\/div><p style=\"text-align: justify;\">Pr\u00f3ximamente se lanzar\u00e1 el libro <strong>\u00abLa Guitarra Tropical Chilena\u00bb<\/strong>, m\u00e9todo de estudio y pr\u00e1ctica basado en la carrera musical de <span style=\"color: #333399;\">Eduardo Macuada<\/span>, guitarrista de<a href=\"https:\/\/www.tiesosperocumbiancheros.cl\/?p=83\" target=\"_blank\"> Los Vikings 5<\/a>.<\/p>\n<p style=\"text-align: justify;\">El libro es resultado de la investigaci\u00f3n realizada por el m\u00fasico guitarrista <strong>Gonzalo Cordero Riquelme<\/strong> durante el a\u00f1o 2013. Para la realizaci\u00f3n de este trabajo, el m\u00fasico entrevist\u00f3 a los actuales integrantes de Los Vikings 5, adem\u00e1s de a diversos actores centrales en el desarrollo del sonido \u00abviking\u00bb del puerto de Coquimbo.<\/p>\n<p>El <span style=\"color: #ff0000;\">lanzamiento del libro<\/span> se realizar\u00e1 este <strong><span style=\"color: #333399;\">martes 26 de noviembre a las 18:00 hrs<\/span><\/strong> en el <span style=\"color: #ff0000;\">Teatro de la Escuela Moderna<\/span> de M\u00fasica y Danza, ubicada en Luis Pasteur 5303, Vitacura, Santiago.<\/p>\n<p>Presentar\u00e1n el soci\u00f3logo Dr. Tito Tricot, la m\u00fasic\u00f3loga Eileen Karmy y el m\u00fasico Eduardo Macuada.<\/p>\n<p>Quedan tod@s invitad@s, habr\u00e1 m\u00fasica en vivo y estar\u00e1 el libro a la venta para tod@s l@s interesad@s.<\/p>\n<p>Informaci\u00f3n y consultas: <span style=\"color: #333399;\">laguitarratropicalchilena@gmail.com<\/span><\/p>\n<p style=\"text-align: center;\"><a href=\"https:\/\/www.tiesosperocumbiancheros.cl\/wp-content\/uploads\/2013\/11\/1401198_584074454973684_1679113438_o.jpg\"><img loading=\"lazy\" class=\"wp-image-710 aligncenter\" alt=\"1401198_584074454973684_1679113438_o\" src=\"https:\/\/www.tiesosperocumbiancheros.cl\/wp-content\/uploads\/2013\/11\/1401198_584074454973684_1679113438_o.jpg\" width=\"554\" height=\"857\" srcset=\"https:\/\/www.tiesosperocumbiancheros.cl\/wp-content\/uploads\/2013\/11\/1401198_584074454973684_1679113438_o.jpg 962w, https:\/\/www.tiesosperocumbiancheros.cl\/wp-content\/uploads\/2013\/11\/1401198_584074454973684_1679113438_o-193x300.jpg 193w, https:\/\/www.tiesosperocumbiancheros.cl\/wp-content\/uploads\/2013\/11\/1401198_584074454973684_1679113438_o-662x1024.jpg 662w\" sizes=\"(max-width: 554px) 100vw, 554px\" \/><\/a><\/p>\n","protected":false},"excerpt":{"rendered":"<div style=\"padding-bottom:20px; padding-top:10px;\" class=\"hupso-share-buttons\"><!-- Hupso Share Buttons - http:\/\/www.hupso.com\/share\/ --><a class=\"hupso_counters\" href=\"http:\/\/www.hupso.com\/share\/\"><img src=\"https:\/\/static.hupso.com\/share\/buttons\/lang\/es\/share-small.png\" style=\"border:0px; padding-top:2px; float:left;\" alt=\"Share Button\"\/><\/a><script type=\"text\/javascript\">var hupso_services_c=new Array(\"twitter\",\"facebook_like\");var hupso_counters_lang = \"es_LA\";var hupso_image_folder_url = \"\";var hupso_url_c=\"\";var hupso_title_c=\"La Guitarra Tropical Chilena\";<\/script><script type=\"text\/javascript\" src=\"https:\/\/static.hupso.com\/share\/js\/counters.js\"><\/script><!-- Hupso Share Buttons --><\/div><p>Pr\u00f3ximamente se lanzar\u00e1 el libro \u00abLa Guitarra Tropical Chilena\u00bb, m\u00e9todo de estudio y pr\u00e1ctica basado en la carrera musical de Eduardo Macuada, guitarrista de Los Vikings 5. El libro es&#8230;<\/p>\n","protected":false},"author":2,"featured_media":710,"comment_status":"open","ping_status":"open","sticky":false,"template":"","format":"standard","meta":[],"categories":[22,112,70,69,77,4,27,23,24,25],"tags":[115,114,116,50],"_links":{"self":[{"href":"https:\/\/www.tiesosperocumbiancheros.cl\/index.php?rest_route=\/wp\/v2\/posts\/709"}],"collection":[{"href":"https:\/\/www.tiesosperocumbiancheros.cl\/index.php?rest_route=\/wp\/v2\/posts"}],"about":[{"href":"https:\/\/www.tiesosperocumbiancheros.cl\/index.php?rest_route=\/wp\/v2\/types\/post"}],"author":[{"embeddable":true,"href":"https:\/\/www.tiesosperocumbiancheros.cl\/index.php?rest_route=\/wp\/v2\/users\/2"}],"replies":[{"embeddable":true,"href":"https:\/\/www.tiesosperocumbiancheros.cl\/index.php?rest_route=%2Fwp%2Fv2%2Fcomments&post=709"}],"version-history":[{"count":5,"href":"https:\/\/www.tiesosperocumbiancheros.cl\/index.php?rest_route=\/wp\/v2\/posts\/709\/revisions"}],"predecessor-version":[{"id":894,"href":"https:\/\/www.tiesosperocumbiancheros.cl\/index.php?rest_route=\/wp\/v2\/posts\/709\/revisions\/894"}],"wp:featuredmedia":[{"embeddable":true,"href":"https:\/\/www.tiesosperocumbiancheros.cl\/index.php?rest_route=\/wp\/v2\/media\/710"}],"wp:attachment":[{"href":"https:\/\/www.tiesosperocumbiancheros.cl\/index.php?rest_route=%2Fwp%2Fv2%2Fmedia&parent=709"}],"wp:term":[{"taxonomy":"category","embeddable":true,"href":"https:\/\/www.tiesosperocumbiancheros.cl\/index.php?rest_route=%2Fwp%2Fv2%2Fcategories&post=709"},{"taxonomy":"post_tag","embeddable":true,"href":"https:\/\/www.tiesosperocumbiancheros.cl\/index.php?rest_route=%2Fwp%2Fv2%2Ftags&post=709"}],"curies":[{"name":"wp","href":"https:\/\/api.w.org\/{rel}","templated":true}]}}