{"id":668,"date":"2013-09-29T00:26:15","date_gmt":"2013-09-29T00:26:15","guid":{"rendered":"http:\/\/www.tiesosperocumbiancheros.cl\/?p=668"},"modified":"2016-03-08T19:12:22","modified_gmt":"2016-03-08T23:12:22","slug":"tesis-de-titulacion-la-cumbia-repertorio-escolar-para-conjunto-instrumental-y-vocal-desde-septimo-basico-a-cuarto-medio","status":"publish","type":"post","link":"https:\/\/www.tiesosperocumbiancheros.cl\/?p=668","title":{"rendered":"TESIS DE TITULACI\u00d3N: \u201cLa Cumbia, repertorio escolar para conjunto instrumental y vocal, desde s\u00e9ptimo b\u00e1sico a cuarto medio\u201d"},"content":{"rendered":"<div style=\"padding-bottom:20px; padding-top:10px;\" class=\"hupso-share-buttons\"><!-- Hupso Share Buttons - http:\/\/www.hupso.com\/share\/ --><a class=\"hupso_counters\" href=\"http:\/\/www.hupso.com\/share\/\"><img src=\"https:\/\/static.hupso.com\/share\/buttons\/lang\/es\/share-small.png\" style=\"border:0px; padding-top:2px; float:left;\" alt=\"Share Button\"\/><\/a><script type=\"text\/javascript\">var hupso_services_c=new Array(\"twitter\",\"facebook_like\");var hupso_counters_lang = \"es_LA\";var hupso_image_folder_url = \"\";var hupso_url_c=\"\";var hupso_title_c=\"TESIS DE TITULACI\u00d3N: \u201cLa Cumbia, repertorio escolar para conjunto instrumental y vocal, desde s\u00e9ptimo b\u00e1sico a cuarto medio\u201d\";<\/script><script type=\"text\/javascript\" src=\"https:\/\/static.hupso.com\/share\/js\/counters.js\"><\/script><!-- Hupso Share Buttons --><\/div><p class=\"western\" lang=\"es-ES\" style=\"margin-bottom: 0cm; text-align: justify;\" align=\"CENTER\">El trabajo que aqu\u00ed les presentamos fue realizado durante el a\u00f1o 2009 y 2010, como tesis para optar al t\u00edtulo de profesor de artes musicales en la Universidad Tecnol\u00f3gica de Chile (VIPRO). Este recurso did\u00e1ctico est\u00e1 enfocado en la aplicaci\u00f3n del g\u00e9nero Cumbia en el aula, desde s\u00e9ptimo b\u00e1sico a cuarto a\u00f1o de ense\u00f1anza media. Para la realizaci\u00f3n de \u00e9ste seleccionamos 12 Cumbias, que seg\u00fan nuestro criterio son muy representativas del genero y socialmente muy relevantes para nuestro pa\u00eds.<\/p>\n<p class=\"western\" lang=\"es-ES\" style=\"margin-bottom: 0cm; text-align: justify;\" align=\"CENTER\">\n<p class=\"western\" lang=\"es-ES\" style=\"margin-bottom: 0cm; text-align: justify;\" align=\"CENTER\">\n<p class=\"western\" lang=\"es-ES\" style=\"margin-bottom: 0cm; text-align: justify;\" align=\"CENTER\">Como sustento te\u00f3rico del trabajo, indagamos en el desarrollo hist\u00f3rico de la cumbia, la apropiaci\u00f3n del g\u00e9nero en nuestro pa\u00eds y la relevancia social que tiene en la actualidad.<\/p>\n<p class=\"western\" lang=\"es-ES\" style=\"margin-bottom: 0cm; text-align: justify;\" align=\"CENTER\">\n<p class=\"western\" lang=\"es-ES\" style=\"margin-bottom: 0cm; text-align: justify;\" align=\"CENTER\">\n<p class=\"western\" lang=\"es-ES\" style=\"margin-bottom: 0cm; text-align: justify;\" align=\"CENTER\">Con \u00e9ste material el docente de Artes Musicales podr\u00eda trabajar adecuadamente el g\u00e9nero, ya que, poseer\u00e1 el material did\u00e1ctico (arreglo general y partituras did\u00e1cticas) con su respectiva descripci\u00f3n musical. Adem\u00e1s tendr\u00e1 un referente hist\u00f3rico anal\u00edtico con el cual el profesor complementar\u00eda la informaci\u00f3n necesaria para motivar a los estudiantes.<\/p>\n<p lang=\"es-ES\" style=\"text-align: left;\" align=\"CENTER\">\n<p lang=\"es-ES\" style=\"text-align: left;\" align=\"CENTER\">\n<p lang=\"es-ES\" style=\"text-align: left;\" align=\"CENTER\">Sebasti\u00e1n Andr\u00e9s \u00c1vila Fuentes<\/p>\n<p lang=\"es-ES\" style=\"text-align: left;\" align=\"JUSTIFY\">Claudio Adolfo Madariaga Labra<\/p>\n<p class=\"western\" lang=\"es-ES\" style=\"margin-bottom: 0cm; line-height: 150%;\" align=\"JUSTIFY\"><span style=\"color: #ff0000;\">Descarga en PDF:<\/span><\/p>\n<p><a href=\"http:\/\/tiesosperocumbiancheros.cl\/PDF\/La Cumbia, repertorio escolar para conjunto instrumental y vocal, desde s\u00e9ptimo b\u00e1sico a cuarto a\u00f1o medio.pdf\" target=\"_blank\"><img loading=\"lazy\" title=\"pdf\" src=\"http:\/\/tiesosperocumbiancheros.cl\/PDF\/pdf.png\" alt=\"\" width=\"37\" height=\"36\" \/><\/a><\/p>\n","protected":false},"excerpt":{"rendered":"<div style=\"padding-bottom:20px; padding-top:10px;\" class=\"hupso-share-buttons\"><!-- Hupso Share Buttons - http:\/\/www.hupso.com\/share\/ --><a class=\"hupso_counters\" href=\"http:\/\/www.hupso.com\/share\/\"><img src=\"https:\/\/static.hupso.com\/share\/buttons\/lang\/es\/share-small.png\" style=\"border:0px; padding-top:2px; float:left;\" alt=\"Share Button\"\/><\/a><script type=\"text\/javascript\">var hupso_services_c=new Array(\"twitter\",\"facebook_like\");var hupso_counters_lang = \"es_LA\";var hupso_image_folder_url = \"\";var hupso_url_c=\"\";var hupso_title_c=\"TESIS DE TITULACI\u00d3N: \u201cLa Cumbia, repertorio escolar para conjunto instrumental y vocal, desde s\u00e9ptimo b\u00e1sico a cuarto medio\u201d\";<\/script><script type=\"text\/javascript\" src=\"https:\/\/static.hupso.com\/share\/js\/counters.js\"><\/script><!-- Hupso Share Buttons --><\/div><p>El trabajo que aqu\u00ed les presentamos fue realizado durante el a\u00f1o 2009 y 2010, como tesis para optar al t\u00edtulo de profesor de artes musicales en la Universidad Tecnol\u00f3gica de&#8230;<\/p>\n","protected":false},"author":1,"featured_media":1272,"comment_status":"open","ping_status":"open","sticky":false,"template":"","format":"standard","meta":[],"categories":[41],"tags":[123],"_links":{"self":[{"href":"https:\/\/www.tiesosperocumbiancheros.cl\/index.php?rest_route=\/wp\/v2\/posts\/668"}],"collection":[{"href":"https:\/\/www.tiesosperocumbiancheros.cl\/index.php?rest_route=\/wp\/v2\/posts"}],"about":[{"href":"https:\/\/www.tiesosperocumbiancheros.cl\/index.php?rest_route=\/wp\/v2\/types\/post"}],"author":[{"embeddable":true,"href":"https:\/\/www.tiesosperocumbiancheros.cl\/index.php?rest_route=\/wp\/v2\/users\/1"}],"replies":[{"embeddable":true,"href":"https:\/\/www.tiesosperocumbiancheros.cl\/index.php?rest_route=%2Fwp%2Fv2%2Fcomments&post=668"}],"version-history":[{"count":21,"href":"https:\/\/www.tiesosperocumbiancheros.cl\/index.php?rest_route=\/wp\/v2\/posts\/668\/revisions"}],"predecessor-version":[{"id":1487,"href":"https:\/\/www.tiesosperocumbiancheros.cl\/index.php?rest_route=\/wp\/v2\/posts\/668\/revisions\/1487"}],"wp:featuredmedia":[{"embeddable":true,"href":"https:\/\/www.tiesosperocumbiancheros.cl\/index.php?rest_route=\/wp\/v2\/media\/1272"}],"wp:attachment":[{"href":"https:\/\/www.tiesosperocumbiancheros.cl\/index.php?rest_route=%2Fwp%2Fv2%2Fmedia&parent=668"}],"wp:term":[{"taxonomy":"category","embeddable":true,"href":"https:\/\/www.tiesosperocumbiancheros.cl\/index.php?rest_route=%2Fwp%2Fv2%2Fcategories&post=668"},{"taxonomy":"post_tag","embeddable":true,"href":"https:\/\/www.tiesosperocumbiancheros.cl\/index.php?rest_route=%2Fwp%2Fv2%2Ftags&post=668"}],"curies":[{"name":"wp","href":"https:\/\/api.w.org\/{rel}","templated":true}]}}