{"id":52,"date":"2012-07-06T12:40:21","date_gmt":"2012-07-06T12:40:21","guid":{"rendered":"http:\/\/www.tiesosperocumbiancheros.cl\/?p=52"},"modified":"2014-01-30T04:25:03","modified_gmt":"2014-01-30T04:25:03","slug":"la-pollera-colora-de-mitos-polemicas-reapropiaciones-y-encuentros-sabrosones","status":"publish","type":"post","link":"https:\/\/www.tiesosperocumbiancheros.cl\/?p=52","title":{"rendered":"La Pollera Color\u00e1: de mitos, pol\u00e9micas, reapropiaciones y encuentros sabrosones"},"content":{"rendered":"<div style=\"padding-bottom:20px; padding-top:10px;\" class=\"hupso-share-buttons\"><!-- Hupso Share Buttons - http:\/\/www.hupso.com\/share\/ --><a class=\"hupso_counters\" href=\"http:\/\/www.hupso.com\/share\/\"><img src=\"https:\/\/static.hupso.com\/share\/buttons\/lang\/es\/share-small.png\" style=\"border:0px; padding-top:2px; float:left;\" alt=\"Share Button\"\/><\/a><script type=\"text\/javascript\">var hupso_services_c=new Array(\"twitter\",\"facebook_like\");var hupso_counters_lang = \"es_LA\";var hupso_image_folder_url = \"\";var hupso_url_c=\"\";var hupso_title_c=\"La Pollera Color\u00e1: de mitos, pol\u00e9micas, reapropiaciones y encuentros sabrosones\";<\/script><script type=\"text\/javascript\" src=\"https:\/\/static.hupso.com\/share\/js\/counters.js\"><\/script><!-- Hupso Share Buttons --><\/div><p style=\"text-align: justify;\">Sin dudas, \u201cLa Pollera Color\u00e1\u201d es una de las composiciones colombianas m\u00e1s relevantes del planeta cumbia. Como en la d\u00e9cada del \u00b470 sucediera con nuestro entra\u00f1able <a href=\"http:\/\/tiesosperocumbiancheros.cl\/wordpress\/?p=1011\" target=\"_blank\"><a href=\"https:\/\/www.tiesosperocumbiancheros.cl\/?p=90\" target=\"_blank\">\u201cUn A\u00f1o\u00a0 M\u00e1s\u201d<\/a><\/a>, en los \u00b460 esta sabrosona canci\u00f3n logr\u00f3 derribar fronteras regionales e intercontinentales para internacionalizarse como uno de los sonidos caracter\u00edsticos de su tierra natal, siendo hasta nuestros d\u00edas una suerte de himno popular colombiano. No obstante, es tambi\u00e9n una canci\u00f3n de enorme relevancia para la memoria musical chilensis.<\/p>\n<div id=\"attachment_1300\" style=\"width: 576px\" class=\"wp-caption aligncenter\"><a href=\"http:\/\/tiesosperocumbiancheros.cl\/wp-content\/uploads\/2012\/07\/wilson.jpg\"><img aria-describedby=\"caption-attachment-1300\" loading=\"lazy\" class=\"size-full wp-image-1300\" title=\"wilson\" alt=\"\" src=\"http:\/\/tiesosperocumbiancheros.cl\/wp-content\/uploads\/2012\/07\/wilson.jpg\" width=\"566\" height=\"284\" \/><\/a><p id=\"caption-attachment-1300\" class=\"wp-caption-text\">Wilson Choperena. Homenaje 50 a\u00f1os de \u00abLa Pollera Color\u00e1\u00bb en Barranquilla. Foto: Carlos Capella<\/p><\/div>\n<p style=\"text-align: justify;\">En el espacio sonoro local, \u201cLa Pollera Color\u00e1\u201d cobra relevancia de la mano de nuestra reina cumbianchera,<a href=\"http:\/\/tiesosperocumbiancheros.cl\/wordpress\/?p=786)\" target=\"_blank\"> <a href=\"https:\/\/www.tiesosperocumbiancheros.cl\/?p=116\" target=\"_blank\">Amparito Jim\u00e9nez<\/a><\/a>, quien la incluye en su disco \u201c<a href=\"http:\/\/www.youtube.com\/watch?v=lrTolk2KnZY\" target=\"_blank\">Fiesta de Cumbiamba<\/a>\u201d (1965), en una grabaci\u00f3n que cuenta con la participaci\u00f3n en los timbales de uno de los m\u00e1s emblem\u00e1ticos y pirot\u00e9cnicos cultores chilenos, el entonces joven Jos\u00e9 Arturo Giolito Valenzuela, fundador y director de la inolvidable agrupaci\u00f3n Giolito y su Combo, quien nos dejara el a\u00f1o 2008 tras fallecer v\u00edctima de c\u00e1ncer.<\/p>\n<p><iframe loading=\"lazy\" src=\"http:\/\/www.youtube.com\/embed\/BaWSPy_Kdp4\" height=\"315\" width=\"420\" allowfullscreen=\"\" frameborder=\"0\"><\/iframe><\/p>\n<p style=\"text-align: justify;\">A partir de esta misma versi\u00f3n, <a href=\"http:\/\/tiesosperocumbiancheros.cl\/wordpress\/?p=396\" target=\"_blank\"><a href=\"https:\/\/www.tiesosperocumbiancheros.cl\/?p=66\"><a href=\"https:\/\/www.tiesosperocumbiancheros.cl\/?p=66\" target=\"_blank\">Los Rumberos del 900<\/a><\/a><\/a> hacen la suya, cuando invitan a Amparito Jim\u00e9nez a cantar con ellos en enero de 2012, marcando su regreso a los escenarios.<\/p>\n<p style=\"text-align: justify;\">La versi\u00f3n de nuestra reina cumbianchera es uno de los registros m\u00e1s antiguos conocidos de \u201cLa Pollera Color\u00e1\u201d, pero tambi\u00e9n una de las primeras cumbias interpretadas, bailadas, grabadas y escuchadas en Chile.<\/p>\n<p style=\"text-align: justify; padding-left: 90px;\">\u201cChoperena dec\u00eda que yo era su mejor int\u00e9rprete porque la grab\u00f3 \u00e9l, que canta muy lindo, y despu\u00e9s la grab\u00e9 yo ac\u00e1 y despu\u00e9s mucha gente m\u00e1s, la han grabado hasta rockeros, todo el mundo la ha grabado pero a \u00e9l le gusto mi versi\u00f3n\u201d<a href=\"file:\/\/\/C:\/Documents%20and%20Settings\/Eillen\/Mis%20documentos\/Dropbox\/Tiesos%20pero%20cumbiancheros\/Web\/Un%20poco%20de%20historia%20cumbianchera%20con%20La%20Pollera%20Color%C3%A1_AM.doc#_ftn1\">[1]<\/a>.<\/p>\n<p style=\"text-align: justify;\">Como canci\u00f3n obligada en el repertorio \u201ctropical\u201d de la \u00e9poca, no s\u00f3lo fue popularizada en Chile por Amparito, sino adem\u00e1s, por cultores for\u00e1neos que resultaron fundamentales en la expansi\u00f3n del propio ritmo a trav\u00e9s de nuestra larga y delgada geograf\u00eda, como hemos podido evidenciar recorriendo los <a href=\"http:\/\/tiesosperocumbiancheros.cl\/PDF\/Los_albores_de_la_cumbia_chilena_Actas_ASEMPCh.pdf\" target=\"_blank\">albores de nuestra historia cumbiera<\/a>.<\/p>\n<p style=\"text-align: justify;\">El a\u00f1o 1969, es la agrupaci\u00f3n internacional <a href=\"http:\/\/tiesosperocumbiancheros.cl\/wordpress\/?p=184\" target=\"_blank\"><a href=\"https:\/\/www.tiesosperocumbiancheros.cl\/?p=105\" target=\"_blank\">Los Wawanc\u00f3<\/a><\/a>, quienes la incluyen en su LP \u201cEl Templo de la Cumbia\u201d (Odeon, 1969), en una versi\u00f3n estilizada y con arreglos mel\u00f3dicos originales que reemplazan la tradicional melod\u00eda introductoria del clarinete, por una <a href=\"http:\/\/www.youtube.com\/watch?v=Qm6CSNVJIQ4\" target=\"_blank\">melod\u00eda a dos voces entre piano y guitarra<\/a>.<\/p>\n<p style=\"text-align: justify;\">En la misma \u00e9poca, tambi\u00e9n el venezolano Tulio Enrique Le\u00f3n, \u201cel artista del teclado\u201d, realizar\u00e1 una versi\u00f3n propia de \u201cLa Pollera Color\u00e1\u201d, incluy\u00e9ndola en el disco \u201cM\u00e1s ritmo sabroso\u201d, curiosamente junto a otra pollera que le diera reconocimiento internacional, \u201cLa Pollera Amarilla\u201d, la misma que en los \u00b490 reversionar\u00e1 Chico Trujillo para reabrir los cruces entre la cumbia y el rock, en un movimiento musical hoy conocido como Nueva Cumbia Chilena.<\/p>\n<p><iframe loading=\"lazy\" src=\"http:\/\/www.youtube.com\/embed\/SouLx_ifEio\" height=\"315\" width=\"420\" allowfullscreen=\"\" frameborder=\"0\"><\/iframe><\/p>\n<p style=\"text-align: justify;\">Muy en el estilo de Tulio Enrique Le\u00f3n, esta electr\u00f3nica y a ratos psicod\u00e9lica versi\u00f3n, tiene la particularidad de ser instrumental, tal como lo fuera el poco conocido origen de \u201cLa Pollera Color\u00e1\u201d\u2026<\/p>\n<p><strong>De pol\u00e9micas y mitos originarios<\/strong><\/p>\n<p style=\"text-align: justify;\">Durante las d\u00e9cadas que siguieron al impacto sesentero de \u201cLa Pollera Color\u00e1\u201d, su autor\u00eda fue reconocida en el recientemente fallecido maestro colombiano <a href=\"http:\/\/www.youtube.com\/watch?v=5_Xsiy973aQ\" target=\"_blank\">Wilson Choperena<\/a>, quien la inscribi\u00f3 como propia en la Sociedad de Autores y Compositores de Colombia, SAYCO, tras radicarse en Bogot\u00e1 a finales de los \u00b460.<\/p>\n<p style=\"text-align: justify;\">Pero la pol\u00e9mica surge cuando, indagando en la historia de la emblem\u00e1tica canci\u00f3n, los investigadores colombianos evidencian que la figura del maestro ha invisibilizado a su compositor, Juan Madera Castro, con quien Choperena la registra en la Notar\u00eda Primera de Barrancabermeja, la misma tierra que viera nacer \u201cLa Pollera Color\u00e1\u201d<a href=\"file:\/\/\/C:\/Documents%20and%20Settings\/Eillen\/Mis%20documentos\/Dropbox\/Tiesos%20pero%20cumbiancheros\/Web\/Un%20poco%20de%20historia%20cumbianchera%20con%20La%20Pollera%20Color%C3%A1_AM.doc#_ftn2\">[2]<\/a>. Madera la hab\u00eda creado meses antes, en una versi\u00f3n instrumental protagonizada por su clarinete que ya inclu\u00eda su cl\u00e1sica melod\u00eda introductoria. Choperena incluy\u00f3 el texto luego, improvisando junto a Madera en el contexto de la Orquesta de Pedro Salcedo en la que coincid\u00edan. Corr\u00eda el a\u00f1o 1961.<\/p>\n<p>La popularidad local de la canci\u00f3n se mantuvo de la mano de la Orquesta de Pedro Salcedo, hasta que a mediados de los \u00b460, fue registrada por primera vez en la recientemente inaugurada Radio Pipat\u00f3n<a href=\"file:\/\/\/C:\/Documents%20and%20Settings\/Eillen\/Mis%20documentos\/Dropbox\/Tiesos%20pero%20cumbiancheros\/Web\/Un%20poco%20de%20historia%20cumbianchera%20con%20La%20Pollera%20Color%C3%A1_AM.doc#_ftn3\">[3]<\/a>. No obstante, fue la Orquesta de Lucho Berm\u00fadez la que se encargar\u00e1 de popularizarla por el mundo, en la versi\u00f3n que sigue:<\/p>\n<p><iframe loading=\"lazy\" src=\"http:\/\/www.youtube.com\/embed\/ePsvyjinsJg\" height=\"315\" width=\"420\" allowfullscreen=\"\" frameborder=\"0\"><\/iframe><\/p>\n<p><span style=\"text-align: justify;\">Pese a la pol\u00e9mica, la relevancia de los testimonios de Choperena respecto a la creaci\u00f3n de \u201cLa Pollera Color\u00e1\u201d ha sido m\u00faltiple. Por una parte, ha permitido problematizar el precario estado de vulnerabilidad en la que suelen encontrarse los compositores cumbiancheros y tropicales, como sucede en nuestras tierras con Don <\/span><a style=\"text-align: justify;\" href=\"http:\/\/tiesosperocumbiancheros.cl\/wordpress\/?p=611\" target=\"_blank\"><a href=\"https:\/\/www.tiesosperocumbiancheros.cl\/?p=544\" target=\"_blank\">Hern\u00e1n Gallardo<\/a><\/a><span style=\"text-align: justify;\">. La letra abre adem\u00e1s todo un universo de canciones pollerudas -coloradas, verdes y amarillas- que nutren los sonidos de la cumbia. Pero tambi\u00e9n, tanto la letra de la canci\u00f3n como su relato, fueron capaces de transformar en mitol\u00f3gica a su musa inspiradora, la negra Soledad.<\/span><\/p>\n<p style=\"text-align: justify; padding-left: 90px;\">\u201cTen\u00eda puesta una pollera color\u00e1 o roja, como dicen\u00a0\u00a0los cachacos. Son de esas faldas repolludas, plisadas y ce\u00f1idas a la cintura. La morena estaba muy completa. El se\u00f1or la cogi\u00f3 a bailar porros, cumbias y boleros que estaba tocando la orquesta. Yo la miraba tirando paso y me emocionaba. Hubo un momento en que la orquesta par\u00f3 y luego Juan Madera empez\u00f3 a tocar una fanfarria con su clarinete: \u2013Parapararar\u00e1. parapararar\u00e1, rar\u00e1, rar\u00e1, rar\u00e1,rar\u00e1\u2026 Parapararar\u00e1\u2026 parapararar\u00e1, rar\u00e1, rar\u00e1, rar\u00e1, rar\u00e1\u2026 En seguida lo acompa\u00f1aron los\u00a0\u00a0tambores.Y ah\u00ed empec\u00e9 a improvisar: \u00a1Ayyyyyy\u2026!al sonar los tambores esta negra se ama\u00f1a y al sonar de la ca\u00f1a va brindando sus amores.Es la negra Soledad la que goza mi cumbia, esa negra saramuya, oye caramba con su pollera color\u00e1, Ayyy\u2026 c\u00f3mo me gusta cuando te veo sandunguiando. Oye mi negra qu\u00e9 rica cumbia pa goz\u00e1\u2026Hubo una pausa y la morena se le solt\u00f3 al se\u00f1or. Yo le dije a Juan que repitiera la fanfarria. Y ella sigui\u00f3 bailando. Despu\u00e9s de la tanda el tipo puso a la negra en la mesa. Yo me arregl\u00e9 la camisa y me le acerqu\u00e9. \u2013Se\u00f1orita, mucho gusto en conocerla. Yo soy el cantante de la orquesta y vengo a felicitarla porque usted baila muy bien y eso me acaba de inspirar esa canci\u00f3n que tanto bail\u00f3.<\/p>\n<p style=\"padding-left: 90px;\">\u2013\u00bfC\u00f3mo as\u00ed? \u00bfLuego no la hab\u00edan compuesto antes? \u2013No, se\u00f1orita. \u2013\u00bfQu\u00e9 se toma? Ella se tom\u00f3 un trago y yo le di la mano para despedirme porque ten\u00eda que seguir tocando en otros establecimientos donde nos hab\u00edan contratado. En esa \u00e9poca toc\u00e1bamos en tres sitios de Barranca: \u2018La Coste\u00f1ita\u2019, \u2018La Cucaracha\u2019 y \u2018Hawai\u2019. A las nueve de la noche termin\u00e9 mi trabajo y sal\u00ed con ella. Le ech\u00e9 el cuento y seguro\u2026 Yo viv\u00ed con ella seis meses. As\u00ed naci\u00f3 La pollera color\u00e1\u201d.<a href=\"file:\/\/\/C:\/Documents%20and%20Settings\/Eillen\/Mis%20documentos\/Dropbox\/Tiesos%20pero%20cumbiancheros\/Web\/Un%20poco%20de%20historia%20cumbianchera%20con%20La%20Pollera%20Color%C3%A1_AM.doc#_ftn4\">[4]<\/a><\/p>\n<div id=\"attachment_1295\" style=\"width: 500px\" class=\"wp-caption aligncenter\"><a href=\"http:\/\/tiesosperocumbiancheros.cl\/wp-content\/uploads\/2012\/07\/enero2012-092.jpg\"><img aria-describedby=\"caption-attachment-1295\" loading=\"lazy\" class=\"size-full wp-image-1295\" title=\"enero2012 092\" alt=\"\" src=\"http:\/\/tiesosperocumbiancheros.cl\/wp-content\/uploads\/2012\/07\/enero2012-092.jpg\" width=\"490\" height=\"653\" \/><\/a><p id=\"caption-attachment-1295\" class=\"wp-caption-text\">Amparito Jimenez junto a Los Rumberos del 900. Enero 2012, \u00d1u\u00f1oa<\/p><\/div>\n<p><strong>Reapropiaciones y un curioso encuentro<\/strong><\/p>\n<p>Pese a que en Chile ha sido escasamente versionada, \u201cLa Pollera Color\u00e1\u201d es una canci\u00f3n que permanece viva tanto en nuestra memoria sonora y festiva, como en la figura mitol\u00f3gica de la \u201ccompleta\u201d negra Soledad. Bajo dicho personaje, la historia testimoniada por Choperena ha sido reconstruida en otras muchas negras \u201cSoledad\u201d, siempre inspiradoras por su baile cadencioso.<\/p>\n<p>Uno de los ejemplos que encontramos sobre esta reapropiaciones es la canci\u00f3n \u201cNegra Soledad\u201d de Pepe Gonz\u00e1lez (aca no logre mas referencia que el nombre), que es incluida por La Sonora Palacios en una producci\u00f3n de 1978, con la voz del gran <a href=\"http:\/\/tiesosperocumbiancheros.cl\/wordpress\/?p=1134\" target=\"_blank\"><a href=\"https:\/\/www.tiesosperocumbiancheros.cl\/?p=54\" target=\"_blank\">Tommy Rey<\/a><\/a>:<\/p>\n<p><iframe loading=\"lazy\" src=\"http:\/\/www.youtube.com\/embed\/T2HB15zdXoU\" height=\"315\" width=\"420\" allowfullscreen=\"\" frameborder=\"0\"><\/iframe><\/p>\n<p><span style=\"text-align: justify;\">Pero tal vez la m\u00e1s curiosa reapropiaci\u00f3n de la figura mitol\u00f3gica de la negra Soledad, es una canci\u00f3n del mismo nombre que relata su encuentro con otro de los personajes m\u00e1s entra\u00f1ables del repertorio cumbianchero:<\/span><a style=\"text-align: justify;\" href=\"http:\/\/tiesosperocumbiancheros.cl\/wordpress\/?p=7\" target=\"_blank\"> el negro Jos\u00e9<\/a><span style=\"text-align: justify;\">.<\/span><\/p>\n<p style=\"text-align: center;\">En una noche de estrellas,<\/p>\n<p style=\"text-align: center;\">Ah\u00ed bailaba la negra Soledad\u2026<\/p>\n<p style=\"text-align: center;\">Anda esperando al negro Jos\u00e9,<\/p>\n<p style=\"text-align: center;\">Hoy los dos juntos se van a parrandear\u2026<\/p>\n<p style=\"text-align: center;\">(\u201cLa negra Soledad\u201d, fragmento)<\/p>\n<p style=\"text-align: justify;\">Popularizada por los Golden Boys (Discos Fuentes), esta negra Soledad ha traspasado fronteras geogr\u00e1ficas, generaciones y \u00e9pocas cumbiancheras, como lo muestra esta versi\u00f3n de Damas Gratis, al m\u00e1s puro estilo villero trasandino:<\/p>\n<p><iframe loading=\"lazy\" src=\"http:\/\/www.youtube.com\/embed\/3S1e8g6bTS8\" height=\"315\" width=\"420\" allowfullscreen=\"\" frameborder=\"0\"><\/iframe><\/p>\n<p><strong>El retorno a \u201cLa Pollera Color\u00e1\u201d y las versiones identitarias de nuestro tiempo<\/strong><\/p>\n<p>&nbsp;<\/p>\n<p style=\"text-align: justify;\">Ya en el nuevo milenio, nuestro recorrido vuelve al espacio po\u00e9tico original de la negra Soledad. Recorriendo las cerca de 500 versiones de \u201cLa Pollera Color\u00e1\u201d, encontramos dos que nos parecen sumamente significativas para comprender la parad\u00f3jica relaci\u00f3n entre lo propio y lo ajeno en el repertorio de la cumbia \u201ca la chilena\u201d.<\/p>\n<p style=\"text-align: justify;\">Una de ellas es la versi\u00f3n del a\u00f1o 2001 de la propia <a href=\"http:\/\/tiesosperocumbiancheros.cl\/wordpress\/?p=786\" target=\"_blank\"><a href=\"https:\/\/www.tiesosperocumbiancheros.cl\/?p=85\" target=\"_blank\">Amparito Jim\u00e9nez<\/a><\/a>, donde junto a La Banda de Los Reyes, graba el disco \u201c<a href=\" http:\/\/www.portaldisc.com\/disco.php?id=3048\" target=\"_blank\">Amparito Jim\u00e9nez, Cumbias Guapachosas<\/a>\u201d (sello Oeme), con un sonido que evidencia la influencia de su nueva residencia en la ciudad de La Serena, al m\u00e1s puro estilo coquimbano de la guitarra el\u00e9ctrica con delay<\/p>\n<p>La otra versi\u00f3n, la encontramos en una grabaci\u00f3n de la familia Lizana de la comuna de San Ram\u00f3n -una de las m\u00e1s emblem\u00e1ticas familias cultoras del chin chin en Chile- quienes en un viaje al \u201cFestival Internacional del Organillo\u201d en Waldkirch, Alemania, el a\u00f1o 2008, deciden montar una versi\u00f3n chilensis y callejera de \u201cLa Pollera Color\u00e1\u201d: <iframe loading=\"lazy\" src=\"http:\/\/www.youtube.com\/embed\/Xc-s0vG5_14\" height=\"315\" width=\"420\" allowfullscreen=\"\" frameborder=\"0\"><\/iframe><\/p>\n<p>As\u00ed, como una vuelta a su tradicional origen, esta breve historia cumbianchera de \u201cLa Pollera Color\u00e1\u201d y sus personajes nos recuerda que el repertorio cumbiero y tropical\u00f3n, aun cargado de prejuicios, anonimatos y pol\u00e9micas, es siempre un espacio de alegr\u00eda parrandera y de encuentro con el otro cumbianchero, sin importar territorios, nacionalidades o generaciones. Del mismo modo que se crea y recrea la cumbia, en sentido y sonido, eso que parece ser lo nuestro y lo for\u00e1neo, lo que somos y lo que no somos, es tambi\u00e9n un espacio en movimiento, en constante reconstrucci\u00f3n.<\/p>\n<p>Que siga la cuuuuuuuuuuuuuuuuuuuuuuuumbia!<\/p>\n<p>&nbsp;<\/p>\n<p>&nbsp;<\/p>\n<div>\n<hr size=\"1\" \/>\n<div>\n<p><a href=\"file:\/\/\/C:\/Documents%20and%20Settings\/Eillen\/Mis%20documentos\/Dropbox\/Tiesos%20pero%20cumbiancheros\/Web\/Un%20poco%20de%20historia%20cumbianchera%20con%20La%20Pollera%20Color%C3%A1_AM.doc#_ftnref1\">[1]<\/a> Entrevista a Amparito Jim\u00e9nez por el Colectivo Tiesos pero cumbiancheros. 4 de septiembre, 2011. La Serena.<\/p>\n<\/div>\n<div>\n<p><a href=\"file:\/\/\/C:\/Documents%20and%20Settings\/Eillen\/Mis%20documentos\/Dropbox\/Tiesos%20pero%20cumbiancheros\/Web\/Un%20poco%20de%20historia%20cumbianchera%20con%20La%20Pollera%20Color%C3%A1_AM.doc#_ftnref2\">[2]<\/a> \u201cJuan Madera, el clarinete de la Pollera Color\u00e1\u201d, Beatriz Vanegas. Art\u00edculo. En: <a href=\"http:\/\/es.groups.yahoo.com\/group\/herencialatina\/message\/16551\">http:\/\/es.groups.yahoo.com\/group\/herencialatina\/message\/16551<\/a><\/p>\n<\/div>\n<div>\n<p><a href=\"file:\/\/\/C:\/Documents%20and%20Settings\/Eillen\/Mis%20documentos\/Dropbox\/Tiesos%20pero%20cumbiancheros\/Web\/Un%20poco%20de%20historia%20cumbianchera%20con%20La%20Pollera%20Color%C3%A1_AM.doc#_ftnref3\">[3]<\/a> \u201cAs\u00ed se compuso la legendaria canci\u00f3n La Pollera Color\u00e1\u201d, Manuel Navarro. Art\u00edculo. En: <a href=\"http:\/\/www.eltiempo.com\/entretenimiento\/musica\/la-muerte-de-wilson-choperena_10905904-4\">http:\/\/www.eltiempo.com\/entretenimiento\/musica\/la-muerte-de-wilson-choperena_10905904-4<\/a><\/p>\n<\/div>\n<div>\n<p><a href=\"file:\/\/\/C:\/Documents%20and%20Settings\/Eillen\/Mis%20documentos\/Dropbox\/Tiesos%20pero%20cumbiancheros\/Web\/Un%20poco%20de%20historia%20cumbianchera%20con%20La%20Pollera%20Color%C3%A1_AM.doc#_ftnref4\">[4]<\/a> Entrevista a Wilson Choperena por Enrique Rivas, Mayo de 2008. En <a href=\"http:\/\/otrasideas.wordpress.com\/2008\/05\/10\/entrevista-al-compositor-de-la-pollera-colora\/\">http:\/\/otrasideas.wordpress.com\/2008\/05\/10\/entrevista-al-compositor-de-la-pollera-colora\/<\/a><\/p>\n<\/div>\n<\/div>\n<p>&nbsp;<\/p>\n","protected":false},"excerpt":{"rendered":"<div style=\"padding-bottom:20px; padding-top:10px;\" class=\"hupso-share-buttons\"><!-- Hupso Share Buttons - http:\/\/www.hupso.com\/share\/ --><a class=\"hupso_counters\" href=\"http:\/\/www.hupso.com\/share\/\"><img src=\"https:\/\/static.hupso.com\/share\/buttons\/lang\/es\/share-small.png\" style=\"border:0px; padding-top:2px; float:left;\" alt=\"Share Button\"\/><\/a><script type=\"text\/javascript\">var hupso_services_c=new Array(\"twitter\",\"facebook_like\");var hupso_counters_lang = \"es_LA\";var hupso_image_folder_url = \"\";var hupso_url_c=\"\";var hupso_title_c=\"La Pollera Color\u00e1: de mitos, pol\u00e9micas, reapropiaciones y encuentros sabrosones\";<\/script><script type=\"text\/javascript\" src=\"https:\/\/static.hupso.com\/share\/js\/counters.js\"><\/script><!-- Hupso Share Buttons --><\/div><p>Sin dudas, \u201cLa Pollera Color\u00e1\u201d es una de las composiciones colombianas m\u00e1s relevantes del planeta cumbia. Como en la d\u00e9cada del \u00b470 sucediera con nuestro entra\u00f1able \u201cUn A\u00f1o\u00a0 M\u00e1s\u201d, en&#8230;<\/p>\n","protected":false},"author":2,"featured_media":173,"comment_status":"open","ping_status":"open","sticky":false,"template":"","format":"standard","meta":[],"categories":[22,90,68,145,86,63,1],"tags":[56,95,149,148,88,94,146,65,57,147,55,93,46,87],"_links":{"self":[{"href":"https:\/\/www.tiesosperocumbiancheros.cl\/index.php?rest_route=\/wp\/v2\/posts\/52"}],"collection":[{"href":"https:\/\/www.tiesosperocumbiancheros.cl\/index.php?rest_route=\/wp\/v2\/posts"}],"about":[{"href":"https:\/\/www.tiesosperocumbiancheros.cl\/index.php?rest_route=\/wp\/v2\/types\/post"}],"author":[{"embeddable":true,"href":"https:\/\/www.tiesosperocumbiancheros.cl\/index.php?rest_route=\/wp\/v2\/users\/2"}],"replies":[{"embeddable":true,"href":"https:\/\/www.tiesosperocumbiancheros.cl\/index.php?rest_route=%2Fwp%2Fv2%2Fcomments&post=52"}],"version-history":[{"count":24,"href":"https:\/\/www.tiesosperocumbiancheros.cl\/index.php?rest_route=\/wp\/v2\/posts\/52\/revisions"}],"predecessor-version":[{"id":924,"href":"https:\/\/www.tiesosperocumbiancheros.cl\/index.php?rest_route=\/wp\/v2\/posts\/52\/revisions\/924"}],"wp:featuredmedia":[{"embeddable":true,"href":"https:\/\/www.tiesosperocumbiancheros.cl\/index.php?rest_route=\/wp\/v2\/media\/173"}],"wp:attachment":[{"href":"https:\/\/www.tiesosperocumbiancheros.cl\/index.php?rest_route=%2Fwp%2Fv2%2Fmedia&parent=52"}],"wp:term":[{"taxonomy":"category","embeddable":true,"href":"https:\/\/www.tiesosperocumbiancheros.cl\/index.php?rest_route=%2Fwp%2Fv2%2Fcategories&post=52"},{"taxonomy":"post_tag","embeddable":true,"href":"https:\/\/www.tiesosperocumbiancheros.cl\/index.php?rest_route=%2Fwp%2Fv2%2Ftags&post=52"}],"curies":[{"name":"wp","href":"https:\/\/api.w.org\/{rel}","templated":true}]}}