{"id":1659,"date":"2021-04-08T13:06:21","date_gmt":"2021-04-08T17:06:21","guid":{"rendered":"http:\/\/www.tiesosperocumbiancheros.cl\/?p=1659"},"modified":"2021-04-08T13:19:07","modified_gmt":"2021-04-08T17:19:07","slug":"el-meridiano-de-la-cumbia-por-demian-morassi","status":"publish","type":"post","link":"https:\/\/www.tiesosperocumbiancheros.cl\/?p=1659","title":{"rendered":"\u00abEl meridiano de la cumbia\u00bb, por Demi\u00e1n Morassi"},"content":{"rendered":"<div style=\"padding-bottom:20px; padding-top:10px;\" class=\"hupso-share-buttons\"><!-- Hupso Share Buttons - http:\/\/www.hupso.com\/share\/ --><a class=\"hupso_counters\" href=\"http:\/\/www.hupso.com\/share\/\"><img src=\"https:\/\/static.hupso.com\/share\/buttons\/lang\/es\/share-small.png\" style=\"border:0px; padding-top:2px; float:left;\" alt=\"Share Button\"\/><\/a><script type=\"text\/javascript\">var hupso_services_c=new Array(\"twitter\",\"facebook_like\");var hupso_counters_lang = \"es_LA\";var hupso_image_folder_url = \"\";var hupso_url_c=\"\";var hupso_title_c=\"&quot;El meridiano de la cumbia&quot;, por Demi\u00e1n Morassi\";<\/script><script type=\"text\/javascript\" src=\"https:\/\/static.hupso.com\/share\/js\/counters.js\"><\/script><!-- Hupso Share Buttons --><\/div><div style=\"text-align: justify;\">Cumbia podr\u00eda ser el nombre del meridiano cero en lugar de Greenwich cuando realmente podamos superar los vestigios de la colonizaci\u00f3n cultural europea. As\u00ed como nuestro continente podr\u00eda estar en el centro del mapa (desde una cartograf\u00eda nuestra y para nuestros pueblos) y el Sur y el Norte arriba o abajo seg\u00fan nos plazca o, igualmente, el nombre del continente m\u00e1s seguro que sea Abya Yala como optaron los pueblos originarios desde sus primeros congresos. Pero la idea de que ese nombre se imponga no puede venir de la academia en una ponencia, debe venir en formato canci\u00f3n cumbiera. Y no puede venir desde Colombia, pa\u00eds que la tom\u00f3 como g\u00e9nero nacional, sino de la periferia de la difusi\u00f3n cumbiera&#8230; As\u00ed es como llega esta canci\u00f3n-propuesta desde la Patagonia para el resto del continente.<\/div>\n<div style=\"text-align: justify;\"><\/div>\n<p><iframe loading=\"lazy\" title=\"YouTube video player\" src=\"https:\/\/www.youtube.com\/embed\/2b6h24mD6YE\" width=\"560\" height=\"315\" frameborder=\"0\" allowfullscreen=\"allowfullscreen\"><\/iframe><\/p>\n<p style=\"text-align: justify;\">La banda Meta mate (Puerto Madryn, Argentina) viene tocando desde 2008 con dos discos en el hombro\u00a0<i>Metamateros\u00a0<\/i>(2012) y\u00a0<i>Huguito\u00a0<\/i>(2017) y un repertorio de m\u00fasica popular latinoamericana. Sus integrantes forman, casi todos, parte de la murga de estilo uruguayo La m\u00e1quina de hacer chorizos que, desde 2013, mezcla arm\u00f3nicamente cr\u00edtica social con altas dosis humor.<\/p>\n","protected":false},"excerpt":{"rendered":"<div style=\"padding-bottom:20px; padding-top:10px;\" class=\"hupso-share-buttons\"><!-- Hupso Share Buttons - http:\/\/www.hupso.com\/share\/ --><a class=\"hupso_counters\" href=\"http:\/\/www.hupso.com\/share\/\"><img src=\"https:\/\/static.hupso.com\/share\/buttons\/lang\/es\/share-small.png\" style=\"border:0px; padding-top:2px; float:left;\" alt=\"Share Button\"\/><\/a><script type=\"text\/javascript\">var hupso_services_c=new Array(\"twitter\",\"facebook_like\");var hupso_counters_lang = \"es_LA\";var hupso_image_folder_url = \"\";var hupso_url_c=\"\";var hupso_title_c=\"&quot;El meridiano de la cumbia&quot;, por Demi\u00e1n Morassi\";<\/script><script type=\"text\/javascript\" src=\"https:\/\/static.hupso.com\/share\/js\/counters.js\"><\/script><!-- Hupso Share Buttons --><\/div><p>Cumbia podr\u00eda ser el nombre del meridiano cero en lugar de Greenwich cuando realmente podamos superar los vestigios de la colonizaci\u00f3n cultural europea. As\u00ed como nuestro continente podr\u00eda estar en&#8230;<\/p>\n","protected":false},"author":2,"featured_media":1666,"comment_status":"open","ping_status":"closed","sticky":false,"template":"","format":"standard","meta":[],"categories":[158,225,41],"tags":[],"_links":{"self":[{"href":"https:\/\/www.tiesosperocumbiancheros.cl\/index.php?rest_route=\/wp\/v2\/posts\/1659"}],"collection":[{"href":"https:\/\/www.tiesosperocumbiancheros.cl\/index.php?rest_route=\/wp\/v2\/posts"}],"about":[{"href":"https:\/\/www.tiesosperocumbiancheros.cl\/index.php?rest_route=\/wp\/v2\/types\/post"}],"author":[{"embeddable":true,"href":"https:\/\/www.tiesosperocumbiancheros.cl\/index.php?rest_route=\/wp\/v2\/users\/2"}],"replies":[{"embeddable":true,"href":"https:\/\/www.tiesosperocumbiancheros.cl\/index.php?rest_route=%2Fwp%2Fv2%2Fcomments&post=1659"}],"version-history":[{"count":7,"href":"https:\/\/www.tiesosperocumbiancheros.cl\/index.php?rest_route=\/wp\/v2\/posts\/1659\/revisions"}],"predecessor-version":[{"id":1667,"href":"https:\/\/www.tiesosperocumbiancheros.cl\/index.php?rest_route=\/wp\/v2\/posts\/1659\/revisions\/1667"}],"wp:featuredmedia":[{"embeddable":true,"href":"https:\/\/www.tiesosperocumbiancheros.cl\/index.php?rest_route=\/wp\/v2\/media\/1666"}],"wp:attachment":[{"href":"https:\/\/www.tiesosperocumbiancheros.cl\/index.php?rest_route=%2Fwp%2Fv2%2Fmedia&parent=1659"}],"wp:term":[{"taxonomy":"category","embeddable":true,"href":"https:\/\/www.tiesosperocumbiancheros.cl\/index.php?rest_route=%2Fwp%2Fv2%2Fcategories&post=1659"},{"taxonomy":"post_tag","embeddable":true,"href":"https:\/\/www.tiesosperocumbiancheros.cl\/index.php?rest_route=%2Fwp%2Fv2%2Ftags&post=1659"}],"curies":[{"name":"wp","href":"https:\/\/api.w.org\/{rel}","templated":true}]}}