{"id":131,"date":"2011-09-22T14:05:29","date_gmt":"2011-09-22T14:05:29","guid":{"rendered":"http:\/\/www.tiesosperocumbiancheros.cl\/?p=131"},"modified":"2016-03-17T19:23:49","modified_gmt":"2016-03-17T23:23:49","slug":"cumbianchando-el-ciudadano","status":"publish","type":"post","link":"https:\/\/www.tiesosperocumbiancheros.cl\/?p=131","title":{"rendered":"Cumbianchando \u00abEl Ciudadano\u00bb"},"content":{"rendered":"<div style=\"padding-bottom:20px; padding-top:10px;\" class=\"hupso-share-buttons\"><!-- Hupso Share Buttons - http:\/\/www.hupso.com\/share\/ --><a class=\"hupso_counters\" href=\"http:\/\/www.hupso.com\/share\/\"><img src=\"https:\/\/static.hupso.com\/share\/buttons\/lang\/es\/share-small.png\" style=\"border:0px; padding-top:2px; float:left;\" alt=\"Share Button\"\/><\/a><script type=\"text\/javascript\">var hupso_services_c=new Array(\"twitter\",\"facebook_like\");var hupso_counters_lang = \"es_LA\";var hupso_image_folder_url = \"\";var hupso_url_c=\"\";var hupso_title_c=\"Cumbianchando &quot;El Ciudadano&quot;\";<\/script><script type=\"text\/javascript\" src=\"https:\/\/static.hupso.com\/share\/js\/counters.js\"><\/script><!-- Hupso Share Buttons --><\/div><div style=\"font-family: inherit; text-align: justify;\"><span style=\"font-size: small;\">Ya est\u00e1 a la venta la \u00faltima edici\u00f3n del peri\u00f3dico nacional \u00abEl Ciudadano: CARI\u00d1O MALO\u00bb que en su secci\u00f3n <em>Cultivos Chilenos<\/em> (pp. 23 &#8211; 25) incluye el especial \u00abChile Tropical: cumbia cultura y ciudadan\u00eda en el 2010\u00bb, coordinado por la investigadora Carolina Benavente, en el marco del estudio<a href=\"http:\/\/artistasyculturapopular.blogspot.com\/\" target=\"_blank\"> \u00abArtistas &amp; Cultura Popular\u00bb.<\/a><\/span><\/div>\n<div style=\"font-family: inherit; text-align: justify;\"><span style=\"font-size: small;\"><br \/>\n<\/span><\/div>\n<div style=\"font-family: inherit; text-align: justify;\"><span style=\"font-family: inherit; font-size: small;\">La Colectiva de Investigaci\u00f3n\u00a0<em><span style=\"font-family: inherit;\">Tiesos pero cumbiancheros <\/span><\/em><span style=\"font-family: inherit;\">se hace presente en este relevante espacio period\u00edstico, aportando su particular mirada sobre la cumbia chilensis, tanto en su perspectiva hist\u00f3rica, como en su vinculaci\u00f3n con algunas de las remecidas coyunturas \u00abbicentenarias\u00bb, con un breve art\u00edculo titulado: \u00abNuestra tiesa pero cumbianchera identidad nacional\u00bb.<\/span><\/span><\/div>\n<div style=\"font-family: inherit; text-align: justify;\"><a href=\"https:\/\/www.tiesosperocumbiancheros.cl\/wp-content\/uploads\/2011\/09\/DSCF4061.jpg\" target=\"_blank\"><img loading=\"lazy\" class=\"wp-image-753 \" src=\"https:\/\/www.tiesosperocumbiancheros.cl\/wp-content\/uploads\/2011\/09\/DSCF4061.jpg\" alt=\"TPC2010\" width=\"309\" height=\"232\" srcset=\"https:\/\/www.tiesosperocumbiancheros.cl\/wp-content\/uploads\/2011\/09\/DSCF4061.jpg 2048w, https:\/\/www.tiesosperocumbiancheros.cl\/wp-content\/uploads\/2011\/09\/DSCF4061-300x225.jpg 300w, https:\/\/www.tiesosperocumbiancheros.cl\/wp-content\/uploads\/2011\/09\/DSCF4061-1024x768.jpg 1024w, https:\/\/www.tiesosperocumbiancheros.cl\/wp-content\/uploads\/2011\/09\/DSCF4061-400x300.jpg 400w, https:\/\/www.tiesosperocumbiancheros.cl\/wp-content\/uploads\/2011\/09\/DSCF4061-160x120.jpg 160w\" sizes=\"(max-width: 309px) 100vw, 309px\" \/><\/a><\/div>\n<div style=\"font-family: inherit; text-align: center;\">\n<p><span style=\"font-family: inherit; font-size: small;\"><span style=\"font-family: inherit; font-size: small;\"><span style=\"font-family: inherit;\"> \u00a0<\/span><\/span><\/span><\/p>\n<p style=\"text-align: justify;\">El espacio incluye adem\u00e1s una \u00ab<a href=\"http:\/\/www.elciudadano.cl\/2011\/01\/24\/chile-tropical-cumbia-cultura-y-ciudadania-en-el-2010\/\" target=\"_blank\">Breve historia tropical de la cumbia<\/a>\u00ab, art\u00edculos tales como \u00abCiudadano chicha\u00bb, entrevistas y letras cumbiancheras, que nos adentran en el universo de la cumbia chilena, vista como parte del arte y la cultura popular local.<\/p>\n<p style=\"text-align: justify;\"><span style=\"font-size: small; font-family: inherit;\">\u00a1La invitaci\u00f3n est\u00e1 abierta a leer \u00abnoticias que importan\u00bb en ritmo de cumbia!<\/span><\/p>\n<\/div>\n<div style=\"text-align: justify;\"><a href=\"http:\/\/www.elciudadano.cl\/2011\/01\/27\/nuestra-tiesa-pero-cumbianchera-identidad-nacional\/\" target=\"_blank\">&gt;Lee el art\u00edculo ac\u00e1<\/a><\/div>\n<div class=\"blogger-post-footer\"><img loading=\"lazy\" src=\"https:\/\/blogger.googleusercontent.com\/tracker\/7346496830837324532-3864477407045994166?l=tiesosperocumbiancheros.blogspot.com\" alt=\"\" width=\"1\" height=\"1\" \/><\/div>\n","protected":false},"excerpt":{"rendered":"<div style=\"padding-bottom:20px; padding-top:10px;\" class=\"hupso-share-buttons\"><!-- Hupso Share Buttons - http:\/\/www.hupso.com\/share\/ --><a class=\"hupso_counters\" href=\"http:\/\/www.hupso.com\/share\/\"><img src=\"https:\/\/static.hupso.com\/share\/buttons\/lang\/es\/share-small.png\" style=\"border:0px; padding-top:2px; float:left;\" alt=\"Share Button\"\/><\/a><script type=\"text\/javascript\">var hupso_services_c=new Array(\"twitter\",\"facebook_like\");var hupso_counters_lang = \"es_LA\";var hupso_image_folder_url = \"\";var hupso_url_c=\"\";var hupso_title_c=\"Cumbianchando &quot;El Ciudadano&quot;\";<\/script><script type=\"text\/javascript\" src=\"https:\/\/static.hupso.com\/share\/js\/counters.js\"><\/script><!-- Hupso Share Buttons --><\/div><p>Ya est\u00e1 a la venta la \u00faltima edici\u00f3n del peri\u00f3dico nacional \u00abEl Ciudadano: CARI\u00d1O MALO\u00bb que en su secci\u00f3n Cultivos Chilenos (pp. 23 &#8211; 25) incluye el especial \u00abChile Tropical:&#8230;<\/p>\n","protected":false},"author":1,"featured_media":1352,"comment_status":"open","ping_status":"open","sticky":false,"template":"","format":"standard","meta":[],"categories":[70,28,78,8,42,2,27,24,25],"tags":[111],"_links":{"self":[{"href":"https:\/\/www.tiesosperocumbiancheros.cl\/index.php?rest_route=\/wp\/v2\/posts\/131"}],"collection":[{"href":"https:\/\/www.tiesosperocumbiancheros.cl\/index.php?rest_route=\/wp\/v2\/posts"}],"about":[{"href":"https:\/\/www.tiesosperocumbiancheros.cl\/index.php?rest_route=\/wp\/v2\/types\/post"}],"author":[{"embeddable":true,"href":"https:\/\/www.tiesosperocumbiancheros.cl\/index.php?rest_route=\/wp\/v2\/users\/1"}],"replies":[{"embeddable":true,"href":"https:\/\/www.tiesosperocumbiancheros.cl\/index.php?rest_route=%2Fwp%2Fv2%2Fcomments&post=131"}],"version-history":[{"count":10,"href":"https:\/\/www.tiesosperocumbiancheros.cl\/index.php?rest_route=\/wp\/v2\/posts\/131\/revisions"}],"predecessor-version":[{"id":1523,"href":"https:\/\/www.tiesosperocumbiancheros.cl\/index.php?rest_route=\/wp\/v2\/posts\/131\/revisions\/1523"}],"wp:featuredmedia":[{"embeddable":true,"href":"https:\/\/www.tiesosperocumbiancheros.cl\/index.php?rest_route=\/wp\/v2\/media\/1352"}],"wp:attachment":[{"href":"https:\/\/www.tiesosperocumbiancheros.cl\/index.php?rest_route=%2Fwp%2Fv2%2Fmedia&parent=131"}],"wp:term":[{"taxonomy":"category","embeddable":true,"href":"https:\/\/www.tiesosperocumbiancheros.cl\/index.php?rest_route=%2Fwp%2Fv2%2Fcategories&post=131"},{"taxonomy":"post_tag","embeddable":true,"href":"https:\/\/www.tiesosperocumbiancheros.cl\/index.php?rest_route=%2Fwp%2Fv2%2Ftags&post=131"}],"curies":[{"name":"wp","href":"https:\/\/api.w.org\/{rel}","templated":true}]}}