{"id":1132,"date":"0201-10-27T21:33:54","date_gmt":"0201-10-28T01:33:54","guid":{"rendered":"http:\/\/www.tiesosperocumbiancheros.cl\/?p=1132"},"modified":"2014-08-16T12:59:04","modified_gmt":"2014-08-16T16:59:04","slug":"los-vikings-5","status":"publish","type":"post","link":"https:\/\/www.tiesosperocumbiancheros.cl\/?p=1132","title":{"rendered":"Los Vikings 5"},"content":{"rendered":"<div style=\"padding-bottom:20px; padding-top:10px;\" class=\"hupso-share-buttons\"><!-- Hupso Share Buttons - http:\/\/www.hupso.com\/share\/ --><a class=\"hupso_counters\" href=\"http:\/\/www.hupso.com\/share\/\"><img src=\"https:\/\/static.hupso.com\/share\/buttons\/lang\/es\/share-small.png\" style=\"border:0px; padding-top:2px; float:left;\" alt=\"Share Button\"\/><\/a><script type=\"text\/javascript\">var hupso_services_c=new Array(\"twitter\",\"facebook_like\");var hupso_counters_lang = \"es_LA\";var hupso_image_folder_url = \"\";var hupso_url_c=\"\";var hupso_title_c=\"Los Vikings 5\";<\/script><script type=\"text\/javascript\" src=\"https:\/\/static.hupso.com\/share\/js\/counters.js\"><\/script><!-- Hupso Share Buttons --><\/div><p style=\"text-align: justify;\">Los Vikings 5 nos recibieron en su Club Vikingo (Coquimbo), para conversar sobre su historia, su m\u00fasica y entregarnos su particular mirada sobre el desarrollo de la cumbia en Chile. En una cita\u00a0<em>tiesa pero cumbianchera,<\/em><i>\u00a0<\/i>tuvimos adem\u00e1s el privilegio de estar en su concierto como invitadas de honor, y recorrer con ellos algunos de los cl\u00e1sicos de su repertorio, tales como\u00a0<em>De Coquimbo Soy, Tus Besos Son<\/em><i>\u00a0<\/i>y\u00a0<em>El Minero.<\/em><a href=\"https:\/\/www.tiesosperocumbiancheros.cl\/?p=1132\"><br \/>\n<\/a><\/p>\n<p style=\"text-align: justify;\">Conversamos con Edson N\u00fa\u00f1ez (co-director y bajista) y Franco Cort\u00e9s (tecladista), quienes son parte de la generaci\u00f3n de recambio de los Vikings 5. Algunos de los momentos m\u00e1s sabrosos de la entrevista, es lo que compartimos con ustedes en este espacio.<\/p>\n<div id=\"attachment_1157\" style=\"width: 644px\" class=\"wp-caption aligncenter\"><a href=\"https:\/\/www.tiesosperocumbiancheros.cl\/wp-content\/uploads\/2014\/04\/Taller-Vikings5-TPC.jpg\"><img aria-describedby=\"caption-attachment-1157\" loading=\"lazy\" class=\"size-full wp-image-1157\" alt=\"Entrevista-taller con Los Vikings 5, Agosto 2010. Foto: Tiesos pero cumbiancheros.\" src=\"https:\/\/www.tiesosperocumbiancheros.cl\/wp-content\/uploads\/2014\/04\/Taller-Vikings5-TPC.jpg\" width=\"634\" height=\"356\" srcset=\"https:\/\/www.tiesosperocumbiancheros.cl\/wp-content\/uploads\/2014\/04\/Taller-Vikings5-TPC.jpg 634w, https:\/\/www.tiesosperocumbiancheros.cl\/wp-content\/uploads\/2014\/04\/Taller-Vikings5-TPC-300x168.jpg 300w, https:\/\/www.tiesosperocumbiancheros.cl\/wp-content\/uploads\/2014\/04\/Taller-Vikings5-TPC-534x300.jpg 534w\" sizes=\"(max-width: 634px) 100vw, 634px\" \/><\/a><p id=\"caption-attachment-1157\" class=\"wp-caption-text\">Entrevista-taller con Los Vikings 5, Agosto 2010.<br \/>Foto: Tiesos pero cumbiancheros.<\/p><\/div>\n<p><b><span style=\"text-decoration: underline;\">A falta de trompetas\u2026 \u00a1buenas son las <a href=\"http:\/\/https:\/\/www.tiesosperocumbiancheros.cl\/?p=798\" target=\"_blank\">guitarras<\/a>!<\/span><\/b><\/p>\n<p style=\"text-align: justify;\">\u00a0Inspirados en Los F\u00e9nix de Calama, los hermanos Juan y Chagua N\u00fa\u00f1ez le dan vida a Los Vikings 5 a finales de los a\u00f1os 60` en el puerto de Coquimbo. Provenientes de familias obreras vinculadas al salitre, no contaban con los medios para conseguir los instrumentos de bronce que usaban las sonoras de la \u00e9poca. Sin embargo,\u00a0esta carencia se transformar\u00eda en la excusa para crear su propio estilo:<\/p>\n<p style=\"text-align: justify; padding-left: 60px;\">\u00a0\u201c(\u2026) nosotros no ten\u00edamos como para comprar trompetas ni nada, sino que guitarras no m\u00e1s y ah\u00ed empiezan a crear el grupo. Despu\u00e9s hay un hito muy importante que es que traen guitarras el\u00e9ctricas y viajan al norte y de all\u00e1 traen una c\u00e1mara de eco, que era un efecto, que era como la novedad, un efecto para la guitarra y de ah\u00ed viene el sonido que es el estilo de Los Vikings, se compr\u00f3 al azar, y como son norteros, crearon sus canciones y ah\u00ed viene todo el fen\u00f3meno Vikings 5\u201d.<\/p>\n<div id=\"attachment_1158\" style=\"width: 378px\" class=\"wp-caption aligncenter\"><a href=\"https:\/\/www.tiesosperocumbiancheros.cl\/wp-content\/uploads\/2014\/04\/vikings-5-coquimbo-20010-1061.jpg\"><img aria-describedby=\"caption-attachment-1158\" loading=\"lazy\" class=\" wp-image-1158  \" alt=\"Eduardo Macuada, guitarrista de Los Vikings 5. Foto: Tiesos pero cumbiancheros\" src=\"https:\/\/www.tiesosperocumbiancheros.cl\/wp-content\/uploads\/2014\/04\/vikings-5-coquimbo-20010-1061.jpg\" width=\"368\" height=\"491\" srcset=\"https:\/\/www.tiesosperocumbiancheros.cl\/wp-content\/uploads\/2014\/04\/vikings-5-coquimbo-20010-1061.jpg 438w, https:\/\/www.tiesosperocumbiancheros.cl\/wp-content\/uploads\/2014\/04\/vikings-5-coquimbo-20010-1061-225x300.jpg 225w\" sizes=\"(max-width: 368px) 100vw, 368px\" \/><\/a><p id=\"caption-attachment-1158\" class=\"wp-caption-text\">Eduardo Macuada, guitarrista de Los Vikings 5.<br \/>Foto: Tiesos pero cumbiancheros<\/p><\/div>\n<p style=\"text-align: justify;\">La trayectoria musical de los Vikings 5 comienza en su puerto natal, tocando en distintos restaurantes como La Martafala y Las Totoras, pero pronto logran llegar a la Carpa Grande de La Pampilla, un gran salto en su carrera, ya que pudieron ser escuchados masivamente y codearse con otras agrupaciones importantes del mundo de la cumbia en Chile, como la Sonora Palacios, que ven\u00eda de Santiago.Paralelamente, comienzan a sonar en la radio, proceso en el cual ser\u00eda fundamental la apuesta de Radio Riquelme, pues en ella grabaron su primer demo para ser llevado a Santiago, y luego grabado de manera profesional en la capital. Con orgullo, nos cuentan adem\u00e1s haber sido los primeros cumbiancheros en grabar con el sello EMI Ode\u00f3n.<\/p>\n<p><b><span style=\"text-decoration: underline;\">Repertorio con sabor a Viking<\/span><\/b><\/p>\n<p style=\"text-align: justify;\">Dentro de las primeras grabaciones profesionales de Los Vikings 5 est\u00e1n \u201cLinda Provinciana\u201d y \u201cPap\u00e1 en tu d\u00eda\u201d. Luego se edita \u201cQue linda est\u00e1 tu hermana\u201d y \u201cEl minero\u201d, una de sus canciones m\u00e1s de mayor reconocimiento hasta nuestros d\u00edas.<\/p>\n<p style=\"text-align: justify;\">\u00a0\u201cEl minero\u201d la compuso en 1977 Guillermo Montero, quien fue guitarrista de Los Vikings y que tambi\u00e9n\u00a0 trabajaba en la miner\u00eda. Esta canci\u00f3n retrata la cruda realidad del trabajo en la miner\u00eda del norte de Chile, principal actividad econ\u00f3mica del pa\u00eds. Como minero, Diego tuvo en su propia vivencia la inspiraci\u00f3n necesaria para componer uno de los grandes \u00e9xitos de los Vikings, pero su oficio tambi\u00e9n fue la causa de su retiro de la agrupaci\u00f3n, por la incompatibilidad de su trabajo con la m\u00fasica.<\/p>\n<p>&nbsp;<\/p>\n<div id=\"attachment_1137\" style=\"width: 371px\" class=\"wp-caption aligncenter\"><a href=\"https:\/\/www.tiesosperocumbiancheros.cl\/wp-content\/uploads\/2014\/04\/Imagen45.jpg\"><img aria-describedby=\"caption-attachment-1137\" loading=\"lazy\" class=\"size-full wp-image-1137\" alt=\"Hern\u00e1n Gallardo Pavez. Foto: Archivo personal Hern\u00e1n Gallardo Pavez\" src=\"https:\/\/www.tiesosperocumbiancheros.cl\/wp-content\/uploads\/2014\/04\/Imagen45.jpg\" width=\"361\" height=\"361\" srcset=\"https:\/\/www.tiesosperocumbiancheros.cl\/wp-content\/uploads\/2014\/04\/Imagen45.jpg 361w, https:\/\/www.tiesosperocumbiancheros.cl\/wp-content\/uploads\/2014\/04\/Imagen45-150x150.jpg 150w, https:\/\/www.tiesosperocumbiancheros.cl\/wp-content\/uploads\/2014\/04\/Imagen45-300x300.jpg 300w, https:\/\/www.tiesosperocumbiancheros.cl\/wp-content\/uploads\/2014\/04\/Imagen45-100x100.jpg 100w\" sizes=\"(max-width: 361px) 100vw, 361px\" \/><\/a><p id=\"caption-attachment-1137\" class=\"wp-caption-text\">Hern\u00e1n Gallardo Pavez. Foto: Archivo personal Hern\u00e1n Gallardo Pavez<span style=\"font-size: 13px; line-height: 19px;\">\u00a0<\/span><\/p><\/div>\n<p>Otra de las canciones importantes de Los Vikings es \u201c<a href=\"https:\/\/www.tiesosperocumbiancheros.cl\/?p=90\" target=\"_blank\">Un a\u00f1o m\u00e1s<\/a>\u201d del m\u00fasico coquimbano <a href=\"http:\/\/https:\/\/www.tiesosperocumbiancheros.cl\/?p=62\" target=\"_blank\">Hern\u00e1n Gallardo<\/a>, quien se la dio a conocer a Los Vikings para que la hicieran cumbia:<\/p>\n<p style=\"padding-left: 60px; text-align: justify;\">\u201cFue el primer grupo que la grab\u00f3 como cumbia en EMI Ode\u00f3n (\u2026) Y ese a\u00f1o [1977] tocan en La Pampilla, comparten escenario con la Sonora Palacios, y ah\u00ed la escuch\u00f3 la Sonora Palacios por Los Vikings 5 y la grabaron en Santiago tambi\u00e9n dos a\u00f1os despu\u00e9s. Obviamente el fen\u00f3meno fue por ellos, por ellos fue el \u00e9xito nacional, pero el m\u00e9rito de Los Vikings es que la sacaron del anonimato, si no, no existe.\u201d<\/p>\n<p style=\"text-align: justify;\">Algo similar ocurri\u00f3 con \u00ab<a href=\"http:\/\/https:\/\/www.tiesosperocumbiancheros.cl\/?p=77\" target=\"_blank\">Candombe para Jos\u00e9\u00bb<\/a>, compuesta por el argentino Chato Ternavasio en Uruguay, grabada por Illapu en ritmo de candombe, y cumbianchada por Los Vikings:<\/p>\n<p style=\"padding-left: 60px; text-align: justify;\">\u00a0\u201c[Illapu] la graba primero, pero Los Vikings 5 la hicieron cumbia y obviamente la cumbia tiene m\u00e1s cercan\u00eda con el pueblo (\u2026) Y esos fueron los primeros cinco discos de plata, 20 mil copias vendieron con \u2018El Negro Jos\u00e9\u2019, fue un \u00e9xito pero muy grande que nos llev\u00f3 a una gira por Argentina, el a\u00f1o \u201878. El primer \u00e9xito de Los Vikings 5 con el \u2018Negro Jos\u00e9\u2019\u201d.<\/p>\n<p> <iframe loading=\"lazy\" width=\"420\" height=\"315\" src=\"\/\/www.youtube.com\/embed\/FbPJq4N-uW8\" frameborder=\"0\" allowfullscreen><\/iframe><\/p>\n<p style=\"text-align: justify;\">Gracias a este \u00e9xito se abren distintas puertas para la\u00a0<i>cumbia coquimbana<\/i>, especialmente las de la televisi\u00f3n, que invitan a grupos como Los Vikings 5 para amenizar su programaci\u00f3n miscel\u00e1nea. A finales de los 70` fueron invitados a programas como S\u00e1bados Gigantes y\u2026<\/p>\n<p style=\"padding-left: 60px; text-align: justify;\">\u00a0\u201cA Dingolondango en a\u00f1o 77 a ra\u00edz del \u2018Negro Jos\u00e9\u2019. Es que en ese tiempo la cumbia no era como es ahora, como tocan Am\u00e9rico, tiene mucha difusi\u00f3n, no po\u2019, ah\u00ed la cumbia era como rasquita, no ten\u00eda mucha influencia, era pa\u2019 puro bailar, no la escuchaban.\u201d<\/p>\n<p>\u00a0<b><span style=\"text-decoration: underline;\">De Coquimbo soy: identidad local<\/span><\/b><\/p>\n<p style=\"text-align: justify;\">Coquimbanos de coraz\u00f3n, conscientes de la marginaci\u00f3n a la que en este pa\u00eds est\u00e1n expuestas las agrupaciones de regiones (en t\u00e9rminos de promoci\u00f3n y difusi\u00f3n de su trabajo), nunca han querido radicarse en otro lugar que no se su tierra natal. Sus \u00e9xitos han recorrido diversos pa\u00edses del globo, aunque no siempre han sido ellos quienes se lleven los cr\u00e9ditos de su popularizaci\u00f3n:<\/p>\n<p style=\"padding-left: 60px; text-align: justify;\">\u00a0\u201cEs que siempre Los Vikings han grabado primero los temas y despu\u00e9s en Santiago los graban otros grupos, ha ocurrido con \u2018El Negro Jos\u00e9\u2019, con \u2018Un a\u00f1o m\u00e1s\u2019, con\u2026. \u2018Qu\u00e9 buena est\u00e1 tu hermana\u2019, muchas canciones, \u2018Se va la vida\u2019, \u2018Tus besos son\u2019, las han grabado Los Vikings y pegaron all\u00e1 bien populares con orquestas\u201d.<\/p>\n<p>&nbsp;<\/p>\n<div id=\"attachment_1159\" style=\"width: 548px\" class=\"wp-caption aligncenter\"><a href=\"https:\/\/www.tiesosperocumbiancheros.cl\/wp-content\/uploads\/2014\/04\/vikings-5-coquimbo-2010.jpg\"><img aria-describedby=\"caption-attachment-1159\" loading=\"lazy\" class=\" wp-image-1159 \" alt=\"La Pampilla de Coquimbo, Septiembre 2010. Foto: Tiesos pero cumbiancheros\" src=\"https:\/\/www.tiesosperocumbiancheros.cl\/wp-content\/uploads\/2014\/04\/vikings-5-coquimbo-2010.jpg\" width=\"538\" height=\"302\" srcset=\"https:\/\/www.tiesosperocumbiancheros.cl\/wp-content\/uploads\/2014\/04\/vikings-5-coquimbo-2010.jpg 672w, https:\/\/www.tiesosperocumbiancheros.cl\/wp-content\/uploads\/2014\/04\/vikings-5-coquimbo-2010-300x168.jpg 300w, https:\/\/www.tiesosperocumbiancheros.cl\/wp-content\/uploads\/2014\/04\/vikings-5-coquimbo-2010-533x300.jpg 533w\" sizes=\"(max-width: 538px) 100vw, 538px\" \/><\/a><p id=\"caption-attachment-1159\" class=\"wp-caption-text\">La Pampilla de Coquimbo, Septiembre 2010. Foto: Tiesos pero cumbiancheros<\/p><\/div>\n<p style=\"text-align: justify;\">Desde Coquimbo han emprendido el vuelo a otros rumbos pero siempre con el compromiso de volver a su tierra. Aunque hasta el momento no se ha concretado su participaci\u00f3n en uno de los escenarios m\u00e1s importantes de la m\u00fasica popular chilena, el Festival de Vi\u00f1a del Mar, est\u00e1n satisfechos porque han podido viajar por el mundo con su m\u00fasica: \u201cGracias a Dios que sin ir a Vi\u00f1a hemos recorrido todo lo que te hemos mencionado, de Arica a Punta Arenas, hemos estado en Isla de Pascua, en Australia, en muchas partes. Somos el grupo tropical de Chile que m\u00e1s ha recorrido el mundo. En serio.\u201d<\/p>\n<p style=\"text-align: justify;\">\u00a0Embajadores de la cumbia chilena y de su particular estilo coquimbano por el globo, su vocaci\u00f3n localista los llev\u00f3 a adaptar la canci\u00f3n \u201cDe Colombia Soy\u201d en una cumbia que es hoy himno infaltable de su repertorio y de los habitantes del puerto, \u201c<a href=\"https:\/\/www.tiesosperocumbiancheros.cl\/?p=64\" target=\"_blank\">De Coquimbo soy\u201d<\/a>:<\/p>\n<p style=\"text-align: justify; padding-left: 60px;\">\u201cSi nosotros no les tocamos el \u2018De Coquimbo soy\u2019 se enojan. Un a\u00f1o no lo tocamos, y nos criticaron\u2026 pero por qu\u00e9 no tocaron \u2018De Coquimbo soy\u2019, en serio. No, al tiro, es muy localista la gente. Adem\u00e1s es como, nosotros decimos, es como el Himno Nacional de Coquimbo, la gente m\u00e1s se sabe por ejemplo, no se sabe el himno de Coquimbo propiamente tal, pero la gente se sabe \u2018De Coquimbo soy\u201d.<\/p>\n<div id=\"attachment_1128\" style=\"width: 250px\" class=\"wp-caption aligncenter\"><a href=\"https:\/\/www.tiesosperocumbiancheros.cl\/wp-content\/uploads\/2012\/06\/los-vikings-5-en-paris.jpg\"><img aria-describedby=\"caption-attachment-1128\" loading=\"lazy\" class=\"size-full wp-image-1128 \" alt=\"Los Vikings 5 en Par\u00eds. Foto: www.losvikings5.cl\" src=\"https:\/\/www.tiesosperocumbiancheros.cl\/wp-content\/uploads\/2012\/06\/los-vikings-5-en-paris.jpg\" width=\"240\" height=\"320\" srcset=\"https:\/\/www.tiesosperocumbiancheros.cl\/wp-content\/uploads\/2012\/06\/los-vikings-5-en-paris.jpg 240w, https:\/\/www.tiesosperocumbiancheros.cl\/wp-content\/uploads\/2012\/06\/los-vikings-5-en-paris-225x300.jpg 225w\" sizes=\"(max-width: 240px) 100vw, 240px\" \/><\/a><p id=\"caption-attachment-1128\" class=\"wp-caption-text\">Los Vikings 5 en Par\u00eds. Foto: www.losvikings5.cl<\/p><\/div>\n<p style=\"text-align: justify;\">Pero esta identidad local no solo se expresa en sus canciones y letras, sino tambi\u00e9n en el propio nombre del grupo: Desde el siglo XVI, piratas, corsarios, bucaneros y filibusteros atravesaron los mares en busca de tesoros de conquista. Desde entonces, con el nombre de \u201cvikingos\u201d se llam\u00f3 a corsarios y piratas ingleses y holandeses tales como Drake o Sharp. A finales de los 60`, hab\u00eda en la bah\u00eda de Coquimbo un barco encallado llamado El Viking 1, tanto tiempo varado, que se transform\u00f3 en parte del paisaje del puerto. La identidad porte\u00f1a y el hecho de que inicialmente la agrupaci\u00f3n estaba conformada por 5 m\u00fasicos termin\u00f3 por dar nombre a una de las bandas m\u00e1s emblem\u00e1ticas de la escena cumbianchera\u00a0chilensis.<\/p>\n<p> <iframe loading=\"lazy\" width=\"420\" height=\"315\" src=\"\/\/www.youtube.com\/embed\/v2DSZNIzKxM\" frameborder=\"0\" allowfullscreen><\/iframe><\/p>\n<p style=\"text-align: justify;\">El puerto, la mina, historias de \u201cvikingos\u201d, la Pampilla, entre tantos otros elementos, van conformando as\u00ed el crisol cultural local coquimbano, expresado en los Vinkings 5 como embajadores emblem\u00e1ticos, quienes reconocen adem\u00e1s su tierra como cuna y escenario de grandes hitos del desarrollo de la cumbia en Chile, capaz de hacer eco creativo de las influencias nortinas, trasandinas, capitalinas y propiamente locales. As\u00ed ellos confirman la relevancia del puerto de Coquimbo en el desarrollo cumbianchero chileno:<\/p>\n<p style=\"padding-left: 60px; text-align: justify;\">\u201cEs importante Coquimbo, porque el fen\u00f3meno de Amerikan Sound, tambi\u00e9n parti\u00f3 aqu\u00ed. Ellos eran de Iquique, aqu\u00ed en La Pampilla gustaron, y de aqu\u00ed, Adri\u00e1n. Adri\u00e1n y los Dados Negros, igual, todo un fen\u00f3meno, fue todo un motivo\u2026 yo los traje, y gustaron al tiro, y de aqu\u00ed saltaron a La Pampilla. Y La Pampilla, es como un trampol\u00edn muy grande, hay mucha gente. Como que aqu\u00ed la gente siente el pulso de los grupos buenos, ha ocurrido con Garras de Amor\u2026 como dicen aqu\u00ed, Coquimbo es cuna de grandes m\u00fasicos, se escucha mucha m\u00fasica\u2026\u201d<\/p>\n<div id=\"attachment_1138\" style=\"width: 330px\" class=\"wp-caption aligncenter\"><a href=\"https:\/\/www.tiesosperocumbiancheros.cl\/wp-content\/uploads\/2014\/04\/Bahia-de-coquimbo_archivo-alex-villanueva.jpg\" target=\"_blank\"><img aria-describedby=\"caption-attachment-1138\" loading=\"lazy\" class=\" wp-image-1138     \" alt=\"Bah\u00eda de Coquimbo. Archivo: Alex Villanueva\" src=\"https:\/\/www.tiesosperocumbiancheros.cl\/wp-content\/uploads\/2014\/04\/Bahia-de-coquimbo_archivo-alex-villanueva.jpg\" width=\"320\" height=\"199\" srcset=\"https:\/\/www.tiesosperocumbiancheros.cl\/wp-content\/uploads\/2014\/04\/Bahia-de-coquimbo_archivo-alex-villanueva.jpg 320w, https:\/\/www.tiesosperocumbiancheros.cl\/wp-content\/uploads\/2014\/04\/Bahia-de-coquimbo_archivo-alex-villanueva-300x186.jpg 300w\" sizes=\"(max-width: 320px) 100vw, 320px\" \/><\/a><p id=\"caption-attachment-1138\" class=\"wp-caption-text\">Bah\u00eda de Coquimbo. Archivo: Alex Villanueva<\/p><\/div>\n<p>&nbsp;<\/p>\n<blockquote><p>* Esta rese\u00f1a fue escrita en base a la entrevista \u2013 taller que realizamos con Los Vikings 5 en la noche del 28 de agosto de 2010, en su \u201cClub Vikingo\u201d, Coquimbo, Chile.<\/p>\n<p>&nbsp;<\/p><\/blockquote>\n<p>&nbsp;<\/p>\n<p>&nbsp;<\/p>\n","protected":false},"excerpt":{"rendered":"<div style=\"padding-bottom:20px; padding-top:10px;\" class=\"hupso-share-buttons\"><!-- Hupso Share Buttons - http:\/\/www.hupso.com\/share\/ --><a class=\"hupso_counters\" href=\"http:\/\/www.hupso.com\/share\/\"><img src=\"https:\/\/static.hupso.com\/share\/buttons\/lang\/es\/share-small.png\" style=\"border:0px; padding-top:2px; float:left;\" alt=\"Share Button\"\/><\/a><script type=\"text\/javascript\">var hupso_services_c=new Array(\"twitter\",\"facebook_like\");var hupso_counters_lang = \"es_LA\";var hupso_image_folder_url = \"\";var hupso_url_c=\"\";var hupso_title_c=\"Los Vikings 5\";<\/script><script type=\"text\/javascript\" src=\"https:\/\/static.hupso.com\/share\/js\/counters.js\"><\/script><!-- Hupso Share Buttons --><\/div><p>Los Vikings 5 nos recibieron en su Club Vikingo (Coquimbo), para conversar sobre su historia, su m\u00fasica y entregarnos su particular mirada sobre el desarrollo de la cumbia en Chile&#8230;.<\/p>\n","protected":false},"author":2,"featured_media":1134,"comment_status":"open","ping_status":"open","sticky":false,"template":"","format":"standard","meta":[],"categories":[22,112,70,68,23,7],"tags":[75,148,74,45,50,55,46],"_links":{"self":[{"href":"https:\/\/www.tiesosperocumbiancheros.cl\/index.php?rest_route=\/wp\/v2\/posts\/1132"}],"collection":[{"href":"https:\/\/www.tiesosperocumbiancheros.cl\/index.php?rest_route=\/wp\/v2\/posts"}],"about":[{"href":"https:\/\/www.tiesosperocumbiancheros.cl\/index.php?rest_route=\/wp\/v2\/types\/post"}],"author":[{"embeddable":true,"href":"https:\/\/www.tiesosperocumbiancheros.cl\/index.php?rest_route=\/wp\/v2\/users\/2"}],"replies":[{"embeddable":true,"href":"https:\/\/www.tiesosperocumbiancheros.cl\/index.php?rest_route=%2Fwp%2Fv2%2Fcomments&post=1132"}],"version-history":[{"count":12,"href":"https:\/\/www.tiesosperocumbiancheros.cl\/index.php?rest_route=\/wp\/v2\/posts\/1132\/revisions"}],"predecessor-version":[{"id":1298,"href":"https:\/\/www.tiesosperocumbiancheros.cl\/index.php?rest_route=\/wp\/v2\/posts\/1132\/revisions\/1298"}],"wp:featuredmedia":[{"embeddable":true,"href":"https:\/\/www.tiesosperocumbiancheros.cl\/index.php?rest_route=\/wp\/v2\/media\/1134"}],"wp:attachment":[{"href":"https:\/\/www.tiesosperocumbiancheros.cl\/index.php?rest_route=%2Fwp%2Fv2%2Fmedia&parent=1132"}],"wp:term":[{"taxonomy":"category","embeddable":true,"href":"https:\/\/www.tiesosperocumbiancheros.cl\/index.php?rest_route=%2Fwp%2Fv2%2Fcategories&post=1132"},{"taxonomy":"post_tag","embeddable":true,"href":"https:\/\/www.tiesosperocumbiancheros.cl\/index.php?rest_route=%2Fwp%2Fv2%2Ftags&post=1132"}],"curies":[{"name":"wp","href":"https:\/\/api.w.org\/{rel}","templated":true}]}}