{"id":107,"date":"2011-11-10T13:25:22","date_gmt":"2011-11-10T17:25:22","guid":{"rendered":"http:\/\/www.tiesosperocumbiancheros.cl\/?p=107"},"modified":"2021-04-08T22:30:54","modified_gmt":"2021-04-09T02:30:54","slug":"las-muchas-orquestas-de-ricardo-barrios-la-particular-mirada-de-un-trompetista-a-la-antesala-de-la-cumbia-chilena","status":"publish","type":"post","link":"https:\/\/www.tiesosperocumbiancheros.cl\/?p=107","title":{"rendered":"Las muchas orquestas de Ricardo Barrios: La particular mirada de un trompetista a la antesala de la cumbia chilena"},"content":{"rendered":"<div style=\"padding-bottom:20px; padding-top:10px;\" class=\"hupso-share-buttons\"><!-- Hupso Share Buttons - http:\/\/www.hupso.com\/share\/ --><a class=\"hupso_counters\" href=\"http:\/\/www.hupso.com\/share\/\"><img src=\"https:\/\/static.hupso.com\/share\/buttons\/lang\/es\/share-small.png\" style=\"border:0px; padding-top:2px; float:left;\" alt=\"Share Button\"\/><\/a><script type=\"text\/javascript\">var hupso_services_c=new Array(\"twitter\",\"facebook_like\");var hupso_counters_lang = \"es_LA\";var hupso_image_folder_url = \"\";var hupso_url_c=\"\";var hupso_title_c=\"Las muchas orquestas de Ricardo Barrios: La particular mirada de un trompetista a la antesala de la cumbia chilena\";<\/script><script type=\"text\/javascript\" src=\"https:\/\/static.hupso.com\/share\/js\/counters.js\"><\/script><!-- Hupso Share Buttons --><\/div><div id=\"attachment_668\" style=\"width: 464px\" class=\"wp-caption aligncenter\"><a href=\"http:\/\/tiesosperocumbiancheros.cl\/wp-content\/uploads\/2011\/11\/Foto-121.jpg\"><img aria-describedby=\"caption-attachment-668\" loading=\"lazy\" class=\"size-large wp-image-668    \" title=\"Ricardo Barrios. Archivo Rumberos del 900.\" alt=\"Ricardo Barrios. Archivo Rumberos del 900.\" src=\"http:\/\/tiesosperocumbiancheros.cl\/wp-content\/uploads\/2011\/11\/Foto-121-1024x682.jpg\" width=\"454\" height=\"302\" \/><\/a><p id=\"caption-attachment-668\" class=\"wp-caption-text\">Ricardo Barrios. Archivo: Rumberos del 900.<\/p><\/div>\n<p style=\"text-align: justify;\">Escarbando en sus memorias tropicales, entrevistamos al destacado trompetista Ricardo Barrios para que nos relatara algunos de los pasajes y particularidades de la escena musical que conforma la antesala de la \u201ccumbia chilena\u201d, de la cual fue parte protag\u00f3nica, integrando diversas orquestas de la \u00e9poca de oro de la bohemia capitalina y nacional.<\/p>\n<p style=\"padding-left: 60px; text-align: justify;\">\u201cEl \u201856, 1956, con la Orquesta Cubanac\u00e1n. Yo ven\u00eda saliendo de militar, me hab\u00eda retirado y empec\u00e9 a trabajar ah\u00ed en el Zepel\u00edn, en la calle Bandera. Hab\u00eda re harto, como 4 o 5 boites, todo esto eran orquestas y t\u00edpicas, y aparte show folcl\u00f3rico. Ah\u00ed en Bandera antes de llegar a Mapocho y se juntaban ah\u00ed.\u201d<\/p>\n<div id=\"attachment_685\" style=\"width: 487px\" class=\"wp-caption aligncenter\"><a href=\"http:\/\/tiesosperocumbiancheros.cl\/wp-content\/uploads\/2011\/11\/cubanacan_ricardobarrios1.jpg\"><img aria-describedby=\"caption-attachment-685\" loading=\"lazy\" class=\"size-full wp-image-685 \" title=\"cubanacan_ricardobarrios\" alt=\"\" src=\"http:\/\/tiesosperocumbiancheros.cl\/wp-content\/uploads\/2011\/11\/cubanacan_ricardobarrios1.jpg\" width=\"477\" height=\"338\" \/><\/a><p id=\"caption-attachment-685\" class=\"wp-caption-text\">Orquesta Espect\u00e1culo \u00abCubanac\u00e1n\u00bb que dirige Luis Molina. Debut de la Orquesta en El Club de la Medianoche, Santiago 27 de diciembre de 1955. Archivo: Ricardo Barrios<\/p><\/div>\n<p style=\"text-align: justify;\">El repertorio de entonces estaba integrado principalmente por mambos y cha cha ch\u00e1s, claramente influenciados por la Orquesta de D\u00e1maso P\u00e9rez Prado, \u201cel Rey del Mambo\u201d, que estuvo de gira en Chile en 1952.<\/p>\n<p style=\"text-align: justify;\">Sin embargo, m\u00e1s adelante tambi\u00e9n incorporar\u00e1 cumbias a su repertorio, destacando la reconocida canci\u00f3n \u201cLa pollera amarilla\u201d del venezolano Tulio Enrique Le\u00f3n, que a finales de la d\u00e9cada del \u00b490 fue recuperada por Chico Trujillo, banda pionera en la emergencia de lo que hoy se reconoce como \u201cnueva cumbia chilena\u201d.<\/p>\n<p style=\"text-align: justify;\">Su amplia trayectoria musical lo llev\u00f3 a integrar la Orquesta Huambaly como tercera trompeta, cuando \u00e9sta regresaba de su primera gira europea que maravill\u00f3 a m\u00fasicos locales e internacionales. Junto a esta orquesta particip\u00f3 en el Festival de Vi\u00f1a el a\u00f1o &#8217;61, ocasi\u00f3n en la cual concursaron con una canci\u00f3n de Humberto Loz\u00e1n.<\/p>\n<div id=\"attachment_683\" style=\"width: 586px\" class=\"wp-caption aligncenter\"><a href=\"http:\/\/tiesosperocumbiancheros.cl\/wp-content\/uploads\/2011\/11\/huambaly_ricardobarrios.jpg\"><img aria-describedby=\"caption-attachment-683\" loading=\"lazy\" class=\"size-full wp-image-683 \" title=\"huambaly_ricardobarrios\" alt=\"\" src=\"http:\/\/tiesosperocumbiancheros.cl\/wp-content\/uploads\/2011\/11\/huambaly_ricardobarrios.jpg\" width=\"576\" height=\"320\" \/><\/a><p id=\"caption-attachment-683\" class=\"wp-caption-text\">Orquesta Huambaly. Archivo: Ricardo Barrios<\/p><\/div>\n<p style=\"text-align: justify;\">Permaneci\u00f3 en la Huambaly hasta que el a\u00f1o 1964 pasa a integrar las filas de Los Bronces de Monterrey, dirigida por el maestro Juan Az\u00faa. Este hecho resulta fundamental, pues consolida la vinculaci\u00f3n entre Ricardo Barrios y la cumbia, ritmo que conformaba gran parte del repertorio de la agrupaci\u00f3n, junto a otras sonoridades tropicales.\u00a0Entre 1964 y 1965 toc\u00f3 en el Casino de Vi\u00f1a junto a Silvio Ceballos, quien fue su representante.<\/p>\n<p style=\"text-align: justify;\">Durante estos a\u00f1os adem\u00e1s, Ricardo Barrios se sumerge por primera vez en el mundo de la televisi\u00f3n, trabajando en 1966 con la orquesta del programa <em>S\u00e1bado Gigante<\/em> del canal 13, con Lucho Barrag\u00e1n como director. En 1969, junto a Los Bronces del Monterrey toc\u00f3 nuevamente en el canal 13, ahora en un programa conducido por el Pollo Fuentes.<\/p>\n<p style=\"text-align: justify;\">Fiel a su esp\u00edritu itinerante de b\u00fasqueda de espacios musicales en los cuales desarrollarse y consolidar una posibilidad laboral estable, el a\u00f1o 1970 regresa a la Orquesta Huambaly como primera trompeta. En un formato m\u00e1s reducido y con nuevos integrantes, contin\u00faa cultivando en esta orquesta el estilo tropical-bailable que ha caracterizado desde un primer momento su pr\u00e1ctica musical.<\/p>\n<p><span style=\"text-decoration: underline;\">Una mirada de \u00e9poca<\/span><\/p>\n<p style=\"text-align: justify;\">Como testigo privilegiado e itinerante de la vida nocturna de la antigua bohemia capitalina, Ricardo Barrios comparte con nosotras su particular mirada sobre esta escena nocturna:<\/p>\n<p style=\"padding-left: 60px; text-align: justify;\">\u201cMira, hab\u00eda p\u00fablico para todo el negocio. En el Nuria era un p\u00fablico m\u00e1s selecto, porque como era restaurant, hab\u00eda cena. En la cena se tocaba m\u00fasica suave y despu\u00e9s ven\u00eda el bailable (\u2026) En algunas hab\u00eda bailarinas, pero por decir en el Nuria, no, era puro restaurant, puro bailable. En el Waldorf tambi\u00e9n, donde hab\u00eda bailarinas era\u2026 en el barrio Bandera ah\u00ed hab\u00eda bailarinas, ah\u00ed hab\u00eda m\u00e1s populacho\u2026 A parte del Zepel\u00edn, el Orleans, que estaba en San Pablo al llegar a\u2026 no me acuerdo bien. Pero hab\u00eda bastante.\u201d<\/p>\n<p>As\u00ed, pese a que los locales de la bohemia local ofrec\u00edan una verdadera vitrina de contradicciones sociales, las orquestas se presentaban en todos los escenarios, engalanando con su particular est\u00e9tica, contextos <em style=\"text-align: justify;\">cuicones <\/em><span style=\"text-align: justify;\">y <\/span><em style=\"text-align: justify;\">populachos.<\/em><\/p>\n<p style=\"text-align: justify; padding-left: 60px;\">\u201cLas orquestas eran todas uniformadas, nos mand\u00e1bamos a hacer chaqueta, pantal\u00f3n. Us\u00e1bamos un vest\u00f3n azul o rojo, con pantal\u00f3n blanco, zapatos blancos, era todo bien estricto. Nosotros Los Bronces de Monterrey ten\u00edamos tambi\u00e9n varias tenidas de actuaci\u00f3n. Y todos ten\u00edamos que llegar con zapatos negros, calcetines negros, el que llegaba tarde o no llegaba con calcetines, ten\u00eda multa, nos cobr\u00e1bamos multa. Hab\u00eda un orden y ahora no existe eso, muy poco.\u201d<\/p>\n<p style=\"text-align: justify;\"><span style=\"text-align: justify;\">Los bailes, aun poco transversales en la sociedad chilena, eran comunes en estos locales, que no s\u00f3lo eran boites y restaurantes, sino tambi\u00e9n teatros y quintas de recreo, atrayendo a los llamados <\/span><em style=\"text-align: justify;\">fil\u00f3ricos <\/em><span style=\"text-align: justify;\">(aficionados al baile) a concursar por su capacidad interpretativa, al tiempo que tambi\u00e9n las propias orquestas compet\u00edan por su calidad y sonido. Ricardo Barrios recuerda estos encuentros en el Teatro Caupolic\u00e1n, sobre los que relata:<\/span><\/p>\n<p style=\"text-align: justify; padding-left: 60px;\">\u201cSiempre los d\u00edas domingos, a veces en la semana. Y se hac\u00eda campeonato de baile, pong\u00e1mosle tango, de tropical y de rock and roll, que estaba pegando ya. Eran festivales de orquestas, no era de baile, actuaci\u00f3n de orquesta, pong\u00e1mosle, se daban media hora.\u201d<\/p>\n<div id=\"attachment_684\" style=\"width: 573px\" class=\"wp-caption aligncenter\"><a href=\"http:\/\/tiesosperocumbiancheros.cl\/wp-content\/uploads\/2011\/11\/tropicana_ricardobarrios.jpg\" target=\"_blank\"><img aria-describedby=\"caption-attachment-684\" loading=\"lazy\" class=\"size-full wp-image-684   \" title=\"tropicana_ricardobarrios\" alt=\"\" src=\"http:\/\/tiesosperocumbiancheros.cl\/wp-content\/uploads\/2011\/11\/tropicana_ricardobarrios.jpg\" width=\"563\" height=\"375\" \/><\/a><p id=\"caption-attachment-684\" class=\"wp-caption-text\">Recuerdo de la Boite \u00abTropicana\u00bb, orquesta \u00abLos Cubanac\u00e1n\u00bb en compa\u00f1ia de amigos. Arica, 12 de noviembre 1957. Archivo: Ricardo Barrios.<\/p><\/div>\n<p style=\"text-align: justify;\">Por esos a\u00f1os, si bien Santiago como ciudad capital era el centro de la emergente industria musical donde se desarrollaban estas orquestas tropicales, no fue la \u00fanica ciudad testigo de la bohemia y la proliferaci\u00f3n de estas orquestas:<\/p>\n<p style=\"text-align: justify; padding-left: 60px;\">\u201cUuuy Valpara\u00edso, all\u00e1 hab\u00eda harto trabajo, aparte de los ba\u00f1os parques, para el lado del puerto hab\u00eda un negocio de rock and roll, en Vi\u00f1a estaba las Tinajas, aparte del Casino, La Rueda, en La Rueda estuvo P\u00e9rez Prado, era un negocio chico.\u201d<\/p>\n<p><span style=\"text-decoration: underline;\">La bestia negra de la bohemia tropical y la emergencia de un nuevo espacio<\/span><\/p>\n<p style=\"text-align: justify;\"><span style=\"text-align: justify;\">A partir de la violenta irrupci\u00f3n del Golpe Militar de 1973, y como consecuencia del toque de queda impuesto por el r\u00e9gimen dictatorial de Pinochet, la vida nocturna y las celebraciones en espacios p\u00fablicos quedan prohibidas. La noche queda reducida a una escasa circulaci\u00f3n, la TIFA, tarjeta que militares y sus familiares adherentes al r\u00e9gimen utilizaban como salvoconductos para sortear las prohibiciones y represiones que afectaban al resto de la poblaci\u00f3n chilena.<\/span><\/p>\n<p style=\"text-align: justify;\">Los m\u00fasicos no identificados con la UP, como es el caso de Ricardo Barrios, encontraron en la TV un espacio y un p\u00fablico radicalmente distinto, que acept\u00f3 r\u00e1pidamente esta otra realidad que a trav\u00e9s de lo tropical, exotizaba y trivializaba las aberraciones de la dictadura.<\/p>\n<p style=\"text-align: justify;\">Durante estos a\u00f1os Ricardo Barios trabaj\u00f3 en el programa \u00ab\u00c9xito\u00bb del canal 13, conducido por el Pollo Fuentes y dirigido por Alfredo La Madrid, junto a la Orquesta de Juan Az\u00faa. Asimismo toc\u00f3 muchos a\u00f1os en TVN junto a Horacio Saavedra, trabajo que continu\u00f3 realizando hasta el a\u00f1o 1998.<\/p>\n<div id=\"attachment_689\" style=\"width: 274px\" class=\"wp-caption aligncenter\"><a href=\"http:\/\/tiesosperocumbiancheros.cl\/wp-content\/uploads\/2011\/11\/Programa-Exito-A\u00f1o-1985.jpg\" target=\"_blank\"><img aria-describedby=\"caption-attachment-689\" loading=\"lazy\" class=\"size-full wp-image-689 \" title=\"Programa Exito A\u00f1o 1985\" alt=\"\" src=\"http:\/\/tiesosperocumbiancheros.cl\/wp-content\/uploads\/2011\/11\/Programa-Exito-A\u00f1o-1985.jpg\" width=\"264\" height=\"500\" \/><\/a><p id=\"caption-attachment-689\" class=\"wp-caption-text\">Programa \u00c9xito, 1985. Fuente: http:\/\/sondeculto.blogspot.com<\/p><\/div>\n<p><span style=\"text-decoration: underline;\">Los nuevos tiempos: el resurgimiento de la tradici\u00f3n de las orquestas bailables en la nueva escena musical<\/span><\/p>\n<p style=\"text-align: justify;\"><span style=\"text-align: justify;\">Ricardo Barrios es hoy la primera trompeta de <\/span><a href=\"https:\/\/www.tiesosperocumbiancheros.cl\/?p=66\" target=\"_blank\">Los Rumberos del 900<\/a><span style=\"text-align: justify;\">, donde se reencuentra con muchos de quienes fueron sus compa\u00f1eros de anta\u00f1o, haciendo bailar a m\u00e1s de 3 generaciones de chilenos. Se siente afortunado pese a la compleja situaci\u00f3n actual respecto a las posibilidades laborales como m\u00fasico:<\/span><\/p>\n<p style=\"text-align: justify; padding-left: 60px;\">\u201cHab\u00eda trabajo para todos. Ahora los tiempos han cambiado, ahora estoy yo, \u2018\u00bfcon qui\u00e9n trabajai t\u00fa? con si me llaman voy\u2019. Ahora ma\u00f1ana voy con Los Galos al Casino de Temuco, Valdivia, Puerto Varas. Yo trabajo con Los Ramblers, con ellos, Los Ramblers pura balada y rock y twist. El \u201895 tuve la suerte de ir a Nueva York, Nueva Jersey, Miami, con Los Ramblers. Esa es la cosa buena que te da\u2026 trabajar en la m\u00fasica, te contratan y te pagan, m\u00e1s encima\u2026\u201d<\/p>\n<div id=\"attachment_687\" style=\"width: 416px\" class=\"wp-caption aligncenter\"><a href=\"http:\/\/tiesosperocumbiancheros.cl\/wp-content\/uploads\/2011\/11\/DSC051041.jpg\" target=\"_blank\"><img aria-describedby=\"caption-attachment-687\" loading=\"lazy\" class=\"size-full wp-image-687      \" title=\"ricardo barrios: los galos\" alt=\"\" src=\"http:\/\/tiesosperocumbiancheros.cl\/wp-content\/uploads\/2011\/11\/DSC051041.jpg\" width=\"406\" height=\"304\" \/><\/a><p id=\"caption-attachment-687\" class=\"wp-caption-text\">Los Galos, Santiago 1995(circa). Archivo: Ricardo Barrios<\/p><\/div>\n<p style=\"text-align: justify;\">Adem\u00e1s de las muchas orquestas donde ha participado, hoy se ha convertido en el chiche favorito de uno de los referentes centrales de la llamada \u00abnueva cumbia chilena\u00bb: desde septiembre de 2011 Chico Trujillo lo ha hecho parte de algunos de sus conciertos, invit\u00e1ndolo a lucirse con su trompeta en sentidos boleros, rememorando la \u00e9poca de oro de la bohemia chilena desde la concreta pr\u00e1ctica de la m\u00fasica en vivo.<\/p>\n<blockquote><p>Esta rese\u00f1a ha sido escrita en base a la entrevista realizada a Ricardo Barrios los d\u00edas 23 y 30 marzo 2011, Santiago, adem\u00e1s de adem\u00e1s de conversaciones informales y visitas a los ensayos de Los Rumberos del 900 durante 2010 y 2011.<\/p><\/blockquote>\n","protected":false},"excerpt":{"rendered":"<div style=\"padding-bottom:20px; padding-top:10px;\" class=\"hupso-share-buttons\"><!-- Hupso Share Buttons - http:\/\/www.hupso.com\/share\/ --><a class=\"hupso_counters\" href=\"http:\/\/www.hupso.com\/share\/\"><img src=\"https:\/\/static.hupso.com\/share\/buttons\/lang\/es\/share-small.png\" style=\"border:0px; padding-top:2px; float:left;\" alt=\"Share Button\"\/><\/a><script type=\"text\/javascript\">var hupso_services_c=new Array(\"twitter\",\"facebook_like\");var hupso_counters_lang = \"es_LA\";var hupso_image_folder_url = \"\";var hupso_url_c=\"\";var hupso_title_c=\"Las muchas orquestas de Ricardo Barrios: La particular mirada de un trompetista a la antesala de la cumbia chilena\";<\/script><script type=\"text\/javascript\" src=\"https:\/\/static.hupso.com\/share\/js\/counters.js\"><\/script><!-- Hupso Share Buttons --><\/div><p>Escarbando en sus memorias tropicales, entrevistamos al destacado trompetista Ricardo Barrios para que nos relatara algunos de los pasajes y particularidades de la escena musical que conforma la antesala de&#8230;<\/p>\n","protected":false},"author":2,"featured_media":412,"comment_status":"closed","ping_status":"closed","sticky":false,"template":"","format":"standard","meta":[],"categories":[21,68,80,42,79,7,24],"tags":[95,74,97,99,94,98,101,65,84,96,92,156,100,67,93],"_links":{"self":[{"href":"https:\/\/www.tiesosperocumbiancheros.cl\/index.php?rest_route=\/wp\/v2\/posts\/107"}],"collection":[{"href":"https:\/\/www.tiesosperocumbiancheros.cl\/index.php?rest_route=\/wp\/v2\/posts"}],"about":[{"href":"https:\/\/www.tiesosperocumbiancheros.cl\/index.php?rest_route=\/wp\/v2\/types\/post"}],"author":[{"embeddable":true,"href":"https:\/\/www.tiesosperocumbiancheros.cl\/index.php?rest_route=\/wp\/v2\/users\/2"}],"replies":[{"embeddable":true,"href":"https:\/\/www.tiesosperocumbiancheros.cl\/index.php?rest_route=%2Fwp%2Fv2%2Fcomments&post=107"}],"version-history":[{"count":12,"href":"https:\/\/www.tiesosperocumbiancheros.cl\/index.php?rest_route=\/wp\/v2\/posts\/107\/revisions"}],"predecessor-version":[{"id":1429,"href":"https:\/\/www.tiesosperocumbiancheros.cl\/index.php?rest_route=\/wp\/v2\/posts\/107\/revisions\/1429"}],"wp:featuredmedia":[{"embeddable":true,"href":"https:\/\/www.tiesosperocumbiancheros.cl\/index.php?rest_route=\/wp\/v2\/media\/412"}],"wp:attachment":[{"href":"https:\/\/www.tiesosperocumbiancheros.cl\/index.php?rest_route=%2Fwp%2Fv2%2Fmedia&parent=107"}],"wp:term":[{"taxonomy":"category","embeddable":true,"href":"https:\/\/www.tiesosperocumbiancheros.cl\/index.php?rest_route=%2Fwp%2Fv2%2Fcategories&post=107"},{"taxonomy":"post_tag","embeddable":true,"href":"https:\/\/www.tiesosperocumbiancheros.cl\/index.php?rest_route=%2Fwp%2Fv2%2Ftags&post=107"}],"curies":[{"name":"wp","href":"https:\/\/api.w.org\/{rel}","templated":true}]}}