{"id":103,"date":"2015-09-23T13:23:31","date_gmt":"2015-09-23T17:23:31","guid":{"rendered":"http:\/\/www.tiesosperocumbiancheros.cl\/?p=103"},"modified":"2021-04-08T22:22:15","modified_gmt":"2021-04-09T02:22:15","slug":"entrevista-a-adelqui-silva","status":"publish","type":"post","link":"https:\/\/www.tiesosperocumbiancheros.cl\/?p=103","title":{"rendered":"Entrevista a Adelqui Silva"},"content":{"rendered":"<div style=\"padding-bottom:20px; padding-top:10px;\" class=\"hupso-share-buttons\"><!-- Hupso Share Buttons - http:\/\/www.hupso.com\/share\/ --><a class=\"hupso_counters\" href=\"http:\/\/www.hupso.com\/share\/\"><img src=\"https:\/\/static.hupso.com\/share\/buttons\/lang\/es\/share-small.png\" style=\"border:0px; padding-top:2px; float:left;\" alt=\"Share Button\"\/><\/a><script type=\"text\/javascript\">var hupso_services_c=new Array(\"twitter\",\"facebook_like\");var hupso_counters_lang = \"es_LA\";var hupso_image_folder_url = \"\";var hupso_url_c=\"\";var hupso_title_c=\"Entrevista a Adelqui Silva\";<\/script><script type=\"text\/javascript\" src=\"https:\/\/static.hupso.com\/share\/js\/counters.js\"><\/script><!-- Hupso Share Buttons --><\/div><div style=\"font-family: inherit;\">\n<p style=\"text-align: justify;\"><span style=\"font-size: small; line-height: 150%;\">Con Adelqui Silva nos reunimos en dos ocasiones\u00a0 en la Casa de la Cueca (Av. Matta esquina Carmen) con el fin de rescatar y diferenciar su trayectoria en dos de las agrupaciones m\u00e1s destacadas en las que ha participado: Pachuco y la Cubanac\u00e1n y Los Rumberos del 900.<\/span><\/p>\n<\/div>\n<div style=\"font-family: inherit;\">\n<div id=\"attachment_270\" style=\"width: 310px\" class=\"wp-caption aligncenter\"><a href=\"http:\/\/tiesosperocumbiancheros.cl\/wp-content\/uploads\/2010\/11\/2010_0513alterlatinas0012.jpg\"><img aria-describedby=\"caption-attachment-270\" loading=\"lazy\" class=\"size-medium wp-image-270\" title=\"2010_0513alterlatinas0012\" alt=\"\" src=\"http:\/\/tiesosperocumbiancheros.cl\/wp-content\/uploads\/2010\/11\/2010_0513alterlatinas0012-300x225.jpg\" width=\"300\" height=\"225\" \/><\/a><p id=\"caption-attachment-270\" class=\"wp-caption-text\">Adelqui Silva, 2010. Foto: Tiesos pero cumbiancheros<\/p><\/div>\n<p style=\"text-align: justify;\"><span style=\"font-size: small; line-height: 150%;\">Nos result\u00f3 de gran importancia su testimonio por varios motivos, especialmente porque\u00a0fue contempor\u00e1neo a la formaci\u00f3n de las orquestas que en los a\u00f1os <\/span><span lang=\"ES-CL\" style=\"font-size: small; line-height: 150%;\">\u2018<\/span><span style=\"font-size: small; line-height: 150%;\">50 y <\/span><span lang=\"ES-CL\" style=\"font-size: small; line-height: 150%;\">\u2018<\/span><span style=\"font-size: small; line-height: 150%;\">60 se tomaron las boites, radios y espect\u00e1culos, participando en la entonces <\/span><span lang=\"ES-CL\" style=\"font-size: small; line-height: 150%;\">\u201c<\/span><span style=\"font-size: small; line-height: 150%;\">Cubanac\u00e1n<\/span><span lang=\"ES-CL\" style=\"font-size: small; line-height: 150%;\">\u201d<\/span><span style=\"font-size: small; line-height: 150%;\"> a partir de 1955. Con esta misma orquesta trabaj\u00f3 con Pachuco (<\/span><span style=\"font-size: small; line-height: 150%;\">Roberto Fonseca) durante los agitados a\u00f1os de los <\/span><span lang=\"ES-CL\" style=\"font-size: small; line-height: 150%;\">\u2018<\/span><span style=\"font-size: small; line-height: 150%;\">70 y <\/span><span lang=\"ES-CL\" style=\"font-size: small; line-height: 150%;\">\u2018<\/span><span style=\"font-size: small; line-height: 150%;\">80, dejando una huella en los o\u00eddos y la memoria de las generaciones de esos tiempos y las posteriores.<\/span><span style=\"text-align: justify;\">\u00a0<\/span><\/p>\n<div id=\"attachment_772\" style=\"width: 562px\" class=\"wp-caption aligncenter\"><a href=\"https:\/\/www.tiesosperocumbiancheros.cl\/wp-content\/uploads\/2011\/09\/2010_0513alterlatinas0024.jpg\"><img aria-describedby=\"caption-attachment-772\" loading=\"lazy\" class=\" wp-image-772     \" alt=\"Entrevistando a Adelqui Silva, junto a algunos de Los Rumberos del 900, Santiago 2010. Foto: Tiesos pero cumbiancheros\" src=\"https:\/\/www.tiesosperocumbiancheros.cl\/wp-content\/uploads\/2011\/09\/2010_0513alterlatinas0024.jpg\" width=\"552\" height=\"414\" srcset=\"https:\/\/www.tiesosperocumbiancheros.cl\/wp-content\/uploads\/2011\/09\/2010_0513alterlatinas0024.jpg 3648w, https:\/\/www.tiesosperocumbiancheros.cl\/wp-content\/uploads\/2011\/09\/2010_0513alterlatinas0024-300x225.jpg 300w, https:\/\/www.tiesosperocumbiancheros.cl\/wp-content\/uploads\/2011\/09\/2010_0513alterlatinas0024-1024x768.jpg 1024w, https:\/\/www.tiesosperocumbiancheros.cl\/wp-content\/uploads\/2011\/09\/2010_0513alterlatinas0024-400x300.jpg 400w, https:\/\/www.tiesosperocumbiancheros.cl\/wp-content\/uploads\/2011\/09\/2010_0513alterlatinas0024-160x120.jpg 160w\" sizes=\"(max-width: 552px) 100vw, 552px\" \/><\/a><p id=\"caption-attachment-772\" class=\"wp-caption-text\">Entrevistando a Adelqui Silva, junto a algunos de Los Rumberos del 900, Santiago 2010. Foto: Tiesos pero cumbiancheros<\/p><\/div>\n<\/div>\n<div style=\"text-align: justify;\"><\/div>\n<div style=\"text-align: justify;\"><\/div>\n<p style=\"text-align: justify;\"><span style=\"font-size: small; line-height: 150%;\">Conocido por su talento musical, pero tambi\u00e9n por participar en una agrupaci\u00f3n formada por retirados militares, se les reconoci\u00f3 como adherentes de la dictadura de Pinochet. Este hecho se transform\u00f3 en una dura carga con la que debieron luchar los integrantes ya que, seg\u00fan palabras de Adelqui <\/span><span lang=\"ES-CL\" style=\"font-size: small; line-height: 150%;\">\u201c<\/span><span style=\"font-size: small; line-height: 150%;\">se le meti\u00f3 a todos en el mismo saco<\/span><span lang=\"ES-CL\" style=\"font-size: small; line-height: 150%;\">\u201d<\/span><span style=\"font-size: small; line-height: 150%;\"> sin considerar la postura individual y el trabajo que hac\u00eda cada uno.<\/span><\/p>\n<p style=\"text-align: justify;\"><span style=\"font-size: small; line-height: 150%;\">Primera fuente en la an\u00e9cdota ocurrida en el escenario de la Quinta Vergara en 1986 donde al ritmo de <a href=\"https:\/\/www.tiesosperocumbiancheros.cl\/?p=783\" target=\"_blank\">\u00abEl Africano\u00bb<\/a> la galer\u00eda responde <\/span><span lang=\"ES-CL\" style=\"font-size: small; line-height: 150%;\">\u201c<\/span><span style=\"font-size: small; line-height: 150%;\">que se vaya Pinochet<\/span><span lang=\"ES-CL\" style=\"font-size: small; line-height: 150%;\">\u201d<\/span><span style=\"font-size: small; line-height: 150%;\"> a la pregunta de <\/span><span lang=\"ES-CL\" style=\"font-size: small; line-height: 150%;\">\u201c<\/span><span style=\"font-size: small; line-height: 150%;\">mami \u00bfqu\u00e9 ser\u00e1 lo que quiere el negro?<\/span><span lang=\"ES-CL\" style=\"font-size: small; line-height: 150%;\">\u201d<\/span><span style=\"font-size: small; line-height: 150%;\">, Adelqui nos cont\u00f3 la llegada, la transformaci\u00f3n y apropiaci\u00f3n de esta canci\u00f3n que se volvi\u00f3 en un himno de resistencia paradojalmente al prejuicio que se hab\u00eda establecido sobre la agrupaci\u00f3n.<\/span><\/p>\n<div class=\"MsoNormal\" style=\"line-height: 150%; margin: 0cm 0cm 0pt; text-align: justify;\">\n<div class=\"MsoNormal\" style=\"font-family: inherit; line-height: 150%; margin: 0cm 0cm 0pt; text-align: justify;\">\n<p class=\"MsoNormal\" style=\"font-family: inherit; line-height: 150%; margin: 0cm 0cm 0pt; text-align: justify;\"><span style=\"font-size: small; line-height: 150%;\">En la actualidad se desempe\u00f1a como director musical y percusionista en los <a href=\"https:\/\/www.tiesosperocumbiancheros.cl\/?p=66\" target=\"_blank\">Rumberos del 900<\/a>, agrupaci\u00f3n que re\u00fane a una gran n\u00famero de m\u00fasicos de las orquestas que dieron vida a la movida tropical en Chile. A partir de su experiencia pudimos hacer un recorrido por la historia de la cumbia en Chile y sus momentos c\u00falmines. Reconocimos a los principales exponentes y el repertorio que nos hace mover los brazos (y \u00bflas caderas?) y sus\u00a0influencias.<\/span><\/p>\n<div style=\"width: 433px\" class=\"wp-caption aligncenter\"><img loading=\"lazy\" class=\"     \" alt=\"\" src=\"http:\/\/tiesosperocumbiancheros.cl\/wp-content\/uploads\/2010\/11\/DSC032411.jpg\" width=\"423\" height=\"317\" \/><p class=\"wp-caption-text\">Adelqui Silva, ensayando con Los Rumberos del 900, Santiago 2010. Foto: Tiesos pero cumbiancheros<\/p><\/div>\n<blockquote>\n<div class=\"MsoNormal\" style=\"font-family: inherit; line-height: 150%; margin: 0cm 0cm 0pt; text-align: justify;\"><span style=\"font-size: small;\">*Esta rese\u00f1a fue escrita en base a la entrevista realizada por el Colectivo de Investigaci\u00f3n Tiesos pero Cumbiancheros a Adelqui Silva el 12 de mayo de 2010, en la Casa de la Cueca, Santiago, Chile. <\/span><\/div>\n<\/blockquote>\n<div class=\"MsoNormal\" style=\"font-family: inherit; line-height: 150%; margin: 0cm 0cm 0pt; text-align: justify;\"><img loading=\"lazy\" alt=\"\" src=\"https:\/\/blogger.googleusercontent.com\/tracker\/7346496830837324532-2036928452701128597?l=tiesosperocumbiancheros.blogspot.com\" width=\"1\" height=\"1\" \/><\/div>\n<\/div>\n<\/div>\n","protected":false},"excerpt":{"rendered":"<div style=\"padding-bottom:20px; padding-top:10px;\" class=\"hupso-share-buttons\"><!-- Hupso Share Buttons - http:\/\/www.hupso.com\/share\/ --><a class=\"hupso_counters\" href=\"http:\/\/www.hupso.com\/share\/\"><img src=\"https:\/\/static.hupso.com\/share\/buttons\/lang\/es\/share-small.png\" style=\"border:0px; padding-top:2px; float:left;\" alt=\"Share Button\"\/><\/a><script type=\"text\/javascript\">var hupso_services_c=new Array(\"twitter\",\"facebook_like\");var hupso_counters_lang = \"es_LA\";var hupso_image_folder_url = \"\";var hupso_url_c=\"\";var hupso_title_c=\"Entrevista a Adelqui Silva\";<\/script><script type=\"text\/javascript\" src=\"https:\/\/static.hupso.com\/share\/js\/counters.js\"><\/script><!-- Hupso Share Buttons --><\/div><p>Con Adelqui Silva nos reunimos en dos ocasiones\u00a0 en la Casa de la Cueca (Av. Matta esquina Carmen) con el fin de rescatar y diferenciar su trayectoria en dos de&#8230;<\/p>\n","protected":false},"author":1,"featured_media":425,"comment_status":"open","ping_status":"open","sticky":false,"template":"","format":"standard","meta":[],"categories":[21,22,90,70,79,23,7,24],"tags":[160,65,49],"_links":{"self":[{"href":"https:\/\/www.tiesosperocumbiancheros.cl\/index.php?rest_route=\/wp\/v2\/posts\/103"}],"collection":[{"href":"https:\/\/www.tiesosperocumbiancheros.cl\/index.php?rest_route=\/wp\/v2\/posts"}],"about":[{"href":"https:\/\/www.tiesosperocumbiancheros.cl\/index.php?rest_route=\/wp\/v2\/types\/post"}],"author":[{"embeddable":true,"href":"https:\/\/www.tiesosperocumbiancheros.cl\/index.php?rest_route=\/wp\/v2\/users\/1"}],"replies":[{"embeddable":true,"href":"https:\/\/www.tiesosperocumbiancheros.cl\/index.php?rest_route=%2Fwp%2Fv2%2Fcomments&post=103"}],"version-history":[{"count":18,"href":"https:\/\/www.tiesosperocumbiancheros.cl\/index.php?rest_route=\/wp\/v2\/posts\/103\/revisions"}],"predecessor-version":[{"id":938,"href":"https:\/\/www.tiesosperocumbiancheros.cl\/index.php?rest_route=\/wp\/v2\/posts\/103\/revisions\/938"}],"wp:featuredmedia":[{"embeddable":true,"href":"https:\/\/www.tiesosperocumbiancheros.cl\/index.php?rest_route=\/wp\/v2\/media\/425"}],"wp:attachment":[{"href":"https:\/\/www.tiesosperocumbiancheros.cl\/index.php?rest_route=%2Fwp%2Fv2%2Fmedia&parent=103"}],"wp:term":[{"taxonomy":"category","embeddable":true,"href":"https:\/\/www.tiesosperocumbiancheros.cl\/index.php?rest_route=%2Fwp%2Fv2%2Fcategories&post=103"},{"taxonomy":"post_tag","embeddable":true,"href":"https:\/\/www.tiesosperocumbiancheros.cl\/index.php?rest_route=%2Fwp%2Fv2%2Ftags&post=103"}],"curies":[{"name":"wp","href":"https:\/\/api.w.org\/{rel}","templated":true}]}}